[{"@context":"https:\/\/schema.org\/","@type":"Article","@id":"https:\/\/www.uvis.cz\/alergie-jako-neprijemny-spolecnik\/#Article","mainEntityOfPage":"https:\/\/www.uvis.cz\/alergie-jako-neprijemny-spolecnik\/","headline":"Alergie jako nep\u0159\u00edjemn\u00fd spole\u010dn\u00edk","name":"Alergie jako nep\u0159\u00edjemn\u00fd spole\u010dn\u00edk","description":"D\u011bti pot\u0159ebuj\u00ed odmala hodn\u00e9 p\u00e9\u010de, a to ne ledajak\u00e9. Pot\u0159ebuj\u00ed kvalitn\u00ed \u017eivotn\u00ed styl, pak m\u016f\u017eeme o\u010dek\u00e1vat dobr\u00e9 v\u00fdsledky. Ov\u0161em n\u011bkdy se ani p\u0159es maxim\u00e1ln\u00ed snahu n\u011bkde n\u011bco zvrtne, prost\u011b dojde k probl\u00e9mu, kter\u00fd je v\u00edce, \u010di m\u00e9n\u011b \u0159e\u0161iteln\u00fd. Mnoho ratolest\u00ed ji\u017e od \u00fatl\u00e9ho v\u011bku prov\u00e1z\u00ed r\u016fzn\u00e9 typy ko\u017en\u00edch ekz\u00e9m\u016f a alergi\u00ed. Zkou\u0161\u00edme ledasco, skupujeme v\u0161e, [&hellip;]","datePublished":"2019-10-01","dateModified":"2023-04-28","author":{"@type":"Person","@id":"https:\/\/www.uvis.cz\/author\/#Person","name":"uvis.cz\n","url":"https:\/\/www.uvis.cz\/author\/","identifier":1,"image":{"@type":"ImageObject","@id":"https:\/\/secure.gravatar.com\/avatar\/232437c79d6ebbb41eb67b1526ce0bc08ee5047d6b1594dc05abcc3258d8e0b3?s=96&d=mm&r=g","url":"https:\/\/secure.gravatar.com\/avatar\/232437c79d6ebbb41eb67b1526ce0bc08ee5047d6b1594dc05abcc3258d8e0b3?s=96&d=mm&r=g","height":96,"width":96}},"publisher":{"@type":"Organization","name":"uvis.cz","logo":{"@type":"ImageObject","@id":"\/logo.png","url":"\/logo.png","width":600,"height":60}},"image":{"@type":"ImageObject","@id":"https:\/\/www.uvis.cz\/wp-content\/uploads\/img_a369991_w1763_t1581851638.jpg","url":"https:\/\/www.uvis.cz\/wp-content\/uploads\/img_a369991_w1763_t1581851638.jpg","height":0,"width":0},"url":"https:\/\/www.uvis.cz\/alergie-jako-neprijemny-spolecnik\/","about":["Kr\u00e1sa"],"wordCount":444,"articleBody":"        D\u011bti pot\u0159ebuj\u00ed odmala hodn\u00e9 p\u00e9\u010de, a to ne ledajak\u00e9. Pot\u0159ebuj\u00ed kvalitn\u00ed \u017eivotn\u00ed styl, pak m\u016f\u017eeme o\u010dek\u00e1vat dobr\u00e9 v\u00fdsledky. Ov\u0161em n\u011bkdy se ani p\u0159es maxim\u00e1ln\u00ed snahu n\u011bkde n\u011bco zvrtne, prost\u011b dojde k probl\u00e9mu, kter\u00fd je v\u00edce, \u010di m\u00e9n\u011b \u0159e\u0161iteln\u00fd. Mnoho ratolest\u00ed ji\u017e od \u00fatl\u00e9ho v\u011bku prov\u00e1z\u00ed r\u016fzn\u00e9 typy ko\u017en\u00edch ekz\u00e9m\u016f a alergi\u00ed. Zkou\u0161\u00edme ledasco, skupujeme v\u0161e, co je n\u00e1m nab\u00edzeno v l\u00e9k\u00e1rn\u00e1ch, rad\u00edme se s l\u00e9ka\u0159i a jin\u00fdmi odborn\u00edky. \u010casto m\u016f\u017ee b\u00fdt na vin\u011b strava, jindy nevyhovuj\u00edc\u00ed prost\u0159ed\u00ed pro v\u00fdvoj v rodin\u011b, jindy t\u0159eba d\u011btsk\u00e1 kosmetika. To, \u017ee kupujeme p\u0159edn\u00ed sv\u011btov\u00e9 zna\u010dky, je\u0161t\u011b nezaru\u010duje \u00fasp\u011bch. I ty mohou vyvolat zvl\u00e1\u0161t\u011b u citliv\u00fdch jedinc\u016f siln\u00e9 alergick\u00e9 reakce. Mnohdy sta\u010d\u00ed i p\u0159es ve\u0161ker\u00e9 rady odborn\u00edk\u016f, takzvan\u00fd n\u00e1vrat ke ko\u0159en\u016fm, k rad\u00e1m na\u0161ich babi\u010dek a prababi\u010dek.   Bylinky n\u00e1\u0161 univerz\u00e1ln\u00ed pomocn\u00edk Ji\u017e na\u0161i p\u0159edci moc dob\u0159e v\u011bd\u011bli, \u017ee pokud chceme vyhojit r\u00e1nu na t\u011ble, ide\u00e1ln\u00ed bude he\u0159m\u00e1nek, \u010di doma vyroben\u00e1 he\u0159m\u00e1nkov\u00e1 mast. Pou\u017e\u00edvat tuto vz\u00e1cnou bylinu i vnit\u0159n\u011b nen\u00ed na \u0161kodu. Hlavn\u011b u mal\u00fdch d\u011bt\u00ed, ale i u dosp\u011bl\u00fdch jedinc\u016f p\u0159i \u017ealude\u010dn\u00edch obt\u00ed\u017e\u00edch, p\u016fsob\u00ed he\u0159m\u00e1nkov\u00fd \u010daj jako balz\u00e1m na podr\u00e1\u017ed\u011bn\u00fd za\u017e\u00edvac\u00ed trakt. O nen\u00e1ro\u010dn\u00e9 dom\u00e1c\u00ed rostlin\u011b aloe vera bylo ji\u017e tak\u00e9 naps\u00e1no mnoho \u010dl\u00e1nk\u016f a knih. Faktem v\u0161ak z\u016fst\u00e1v\u00e1, \u017ee kdykoli pom\u016f\u017ee p\u0159i ran\u00e1ch, od\u0159enin\u00e1ch a \u0159\u00edznut\u00edch. A \u017ee o ty v d\u011btsk\u00e9m sv\u011bt\u011b nen\u00ed nouze. M\u016f\u017eeme j\u00ed tak\u00e9 pou\u017e\u00edvat v r\u016fzn\u00fdch form\u00e1ch jako p\u0159\u00edrodn\u00ed kosmetiku pro celou rodinu.  Nem\u011bli bychom zapom\u00ednat ani na r\u016fzn\u00e9 druhy l\u00e9\u010div\u00fdch \u010daj\u016f, nap\u0159\u00edklad z l\u00edpy, kop\u0159ivy, m\u00e1ty, \u010di mate\u0159\u00eddou\u0161ky. Skv\u011ble vylad\u00ed na\u0161e hladiny v t\u011ble, co\u017e se ur\u010dit\u011b po ur\u010dit\u00e9 dob\u011b odraz\u00ed i na celkov\u00e9m stavu na\u0161\u00ed pleti, neht\u016f, nebo vlas\u016f. Hledejte v p\u0159\u00edrod\u011b bohatstv\u00ed, kter\u00e9 m\u016f\u017eete zadarmo vyu\u017e\u00edt! Podrobn\u011b se seznamte s mo\u017enostmi, kter\u00e9 bylinky p\u0159in\u00e1\u0161ej\u00ed a vyu\u017e\u00edvejte je bezezbytku! Mo\u017en\u00e1 \u010dasem p\u0159ijdete na fakt, \u017ee se celkem snadno obejdete i bez drah\u00fdch p\u0159\u00edpravk\u016f a kr\u00e9m\u016f.                                                                                                                                                                                                                                                                                                                                                                                                  "},{"@context":"https:\/\/schema.org\/","@type":"BreadcrumbList","itemListElement":[{"@type":"ListItem","position":1,"name":"Alergie jako nep\u0159\u00edjemn\u00fd spole\u010dn\u00edk","item":"https:\/\/www.uvis.cz\/alergie-jako-neprijemny-spolecnik\/#breadcrumbitem"}]}]