[{"@context":"https:\/\/schema.org\/","@type":"Article","@id":"https:\/\/www.uvis.cz\/bazen-je-treba-zazimovat\/#Article","mainEntityOfPage":"https:\/\/www.uvis.cz\/bazen-je-treba-zazimovat\/","headline":"Baz\u00e9n je t\u0159eba zazimovat","name":"Baz\u00e9n je t\u0159eba zazimovat","description":"Kdy\u017e skon\u010d\u00ed tepl\u00e1 \u010d\u00e1st roku, je logick\u00e9, \u017ee z\u00e1jem majitel\u016f o jejich zahradn\u00ed baz\u00e9n opad\u00e1. Zat\u00edmco se tito okolo n\u011bj dosud ochom\u00fdtali, kdykoliv m\u011bli by\u0165 i jenom pouhou krati\u010dkou chvilku \u010dasu, nyn\u00ed tento stoj\u00ed venku po v\u011bt\u0161inu \u010dasu zcela opu\u0161t\u011bn. Ov\u0161em je t\u0159eba p\u0159ipomenout si, \u017ee ani v tuto chv\u00edli by nem\u011bl z\u016fstat baz\u00e9n ponech\u00e1n [&hellip;]","datePublished":"2019-10-20","dateModified":"2023-04-28","author":{"@type":"Person","@id":"https:\/\/www.uvis.cz\/author\/#Person","name":"uvis.cz\n","url":"https:\/\/www.uvis.cz\/author\/","identifier":1,"image":{"@type":"ImageObject","@id":"https:\/\/secure.gravatar.com\/avatar\/232437c79d6ebbb41eb67b1526ce0bc08ee5047d6b1594dc05abcc3258d8e0b3?s=96&d=mm&r=g","url":"https:\/\/secure.gravatar.com\/avatar\/232437c79d6ebbb41eb67b1526ce0bc08ee5047d6b1594dc05abcc3258d8e0b3?s=96&d=mm&r=g","height":96,"width":96}},"publisher":{"@type":"Organization","name":"uvis.cz","logo":{"@type":"ImageObject","@id":"\/logo.png","url":"\/logo.png","width":600,"height":60}},"image":{"@type":"ImageObject","@id":"https:\/\/www.uvis.cz\/wp-content\/uploads\/img_a368498_w2322_t1580809990.jpg","url":"https:\/\/www.uvis.cz\/wp-content\/uploads\/img_a368498_w2322_t1580809990.jpg","height":0,"width":0},"url":"https:\/\/www.uvis.cz\/bazen-je-treba-zazimovat\/","about":["Business"],"wordCount":420,"articleBody":"          Kdy\u017e skon\u010d\u00ed tepl\u00e1 \u010d\u00e1st roku, je logick\u00e9, \u017ee z\u00e1jem majitel\u016f o jejich zahradn\u00ed baz\u00e9n opad\u00e1. Zat\u00edmco se tito okolo n\u011bj dosud ochom\u00fdtali, kdykoliv m\u011bli by\u0165 i jenom pouhou krati\u010dkou chvilku \u010dasu, nyn\u00ed tento stoj\u00ed venku po v\u011bt\u0161inu \u010dasu zcela opu\u0161t\u011bn. Ov\u0161em je t\u0159eba p\u0159ipomenout si, \u017ee ani v tuto chv\u00edli by nem\u011bl z\u016fstat baz\u00e9n ponech\u00e1n napospas sv\u00e9mu osudu. Ne\u017e se cel\u00fd kraj pokryje sn\u011bhem a sev\u0159e ho mr\u00e1z, je t\u0159eba postarat se o to, aby toto soukrom\u00e9 koupali\u0161t\u011b nedoznalo b\u011bhem zimy \u00fajmy. Tedy je t\u0159eba ho spr\u00e1vn\u011b zazimovat. K zazimov\u00e1n\u00ed pat\u0159\u00ed nejeden krok, kter\u00fd nelze opomenout, m\u00e1me-li se s baz\u00e9nem na ja\u0159e zase v po\u0159\u00e1dku setkat. Je tu t\u0159eba p\u0159edev\u0161\u00edm: upustit vodu v baz\u00e9nu pod \u00farove\u0148 vstupu do filtrace, to aby tu tato nemohla nap\u00e1chat \u0161kody, zbylou vodu v baz\u00e9nu je\u0161t\u011b jednou d\u016fkladn\u011b profiltrovat a dno a st\u011bny vy\u010distit baz\u00e9nov\u00fdm vysava\u010dem, abychom se preventivn\u011b zbavili co nejv\u00edce ne\u010distot, analyzovat slo\u017een\u00ed vody a doplnit do n\u00ed pot\u0159ebnou baz\u00e9novou chemii, zazimova\u010d nevyj\u00edmaje, vyjmout v\u0161echny odd\u011bliteln\u00e9 \u010d\u00e1sti p\u0159\u00edslu\u0161enstv\u00ed, tyto po\u0159\u00e1dn\u011b vy\u010distit, usu\u0161it a ulo\u017eit je na m\u00edsto vhodn\u00e9 k p\u0159ezimov\u00e1n\u00ed, vlo\u017eit do zb\u00fdvaj\u00edc\u00ed vody dilata\u010dn\u00ed plov\u00e1ky, br\u00e1n\u00edc\u00ed p\u0159ed mechanick\u00fdm po\u0161kozen\u00edm st\u011bn a dna baz\u00e9nu ledem, jen\u017e se tu v zim\u011b nejsp\u00ed\u0161e kv\u016fli panuj\u00edc\u00edm mraz\u016fm vytvo\u0159\u00ed, v\u0161e kompletn\u011b zakr\u00fdt dostate\u010dn\u011b pevnou plachtou, br\u00e1n\u00edc\u00ed tomu, aby sem b\u011bhem zimy napadalo cokoliv, co tu nem\u00e1 co pohled\u00e1vat. To v\u0161e je t\u0159eba v r\u00e1mci zazimov\u00e1n\u00ed nadzemn\u00edch baz\u00e9n\u016f Chlorito.cz prov\u00e9st. To v\u0161e je nezbytn\u00e9 u\u010dinit, abychom se po zim\u011b se sv\u00fdm baz\u00e9nem zase v po\u0159\u00e1dku shledali. A nic z toho se rozhodn\u011b nevypl\u00e1c\u00ed podce\u0148ovat. Proto\u017ee baz\u00e9n mus\u00ed b\u00fdt v\u017edy perfektn\u00ed. A ka\u017ed\u00e9 \u2013 by\u0165 i sebemen\u0161\u00ed \u2013 selh\u00e1n\u00ed by se n\u00e1m tu mohlo nep\u0159\u00edjemn\u011b vymst\u00edt. A jist\u011b se shodneme na tom, \u017ee to nikdo nechce. A \u017ee ta trocha n\u00e1mahy souvisej\u00edc\u00ed se zazimov\u00e1n\u00edm za to skv\u011bl\u00e9 koup\u00e1n\u00ed za tepl\u00fdch dn\u00ed stoj\u00ed.                                                                                                                                                                                                                                                                                                                                                                                                  "},{"@context":"https:\/\/schema.org\/","@type":"BreadcrumbList","itemListElement":[{"@type":"ListItem","position":1,"name":"Baz\u00e9n je t\u0159eba zazimovat","item":"https:\/\/www.uvis.cz\/bazen-je-treba-zazimovat\/#breadcrumbitem"}]}]