[{"@context":"https:\/\/schema.org\/","@type":"Article","@id":"https:\/\/www.uvis.cz\/den-v-sedle\/#Article","mainEntityOfPage":"https:\/\/www.uvis.cz\/den-v-sedle\/","headline":"Den v sedle","name":"Den v sedle","description":"N\u011bco jin\u00e9ho je, kdy\u017e je v pl\u00e1nu jen kr\u00e1tk\u00e1 vyj\u00ed\u017e\u010fka. Tu vydr\u017e\u00ed ka\u017ed\u00fd, proto\u017ee t\u011blo nen\u00ed tolik nam\u00e1h\u00e1no. Ov\u0161em cel\u00fd den to u\u017e je \u201ejina\u010d\u00ed kaf\u00e9\u201c, jak \u0159\u00edkaj\u00ed na Vala\u0161sku. Jezdec si opravdu mus\u00ed b\u00fdt jist, \u017ee to vydr\u017e\u00ed a podle mo\u017enost\u00ed si za\u0159\u00eddit v\u0161e tak, aby sed\u011bl na koni co nejv\u00edce pohodln\u011b. Ov\u0161em\u017ee stejn\u011b [&hellip;]","datePublished":"2019-11-21","dateModified":"2023-04-28","author":{"@type":"Person","@id":"https:\/\/www.uvis.cz\/author\/#Person","name":"uvis.cz\n","url":"https:\/\/www.uvis.cz\/author\/","identifier":1,"image":{"@type":"ImageObject","@id":"https:\/\/secure.gravatar.com\/avatar\/232437c79d6ebbb41eb67b1526ce0bc08ee5047d6b1594dc05abcc3258d8e0b3?s=96&d=mm&r=g","url":"https:\/\/secure.gravatar.com\/avatar\/232437c79d6ebbb41eb67b1526ce0bc08ee5047d6b1594dc05abcc3258d8e0b3?s=96&d=mm&r=g","height":96,"width":96}},"publisher":{"@type":"Organization","name":"uvis.cz","logo":{"@type":"ImageObject","@id":"\/logo.png","url":"\/logo.png","width":600,"height":60}},"image":{"@type":"ImageObject","@id":"https:\/\/www.uvis.cz\/wp-content\/uploads\/img_a369135_w1763_t1581333802.jpg","url":"https:\/\/www.uvis.cz\/wp-content\/uploads\/img_a369135_w1763_t1581333802.jpg","height":0,"width":0},"url":"https:\/\/www.uvis.cz\/den-v-sedle\/","about":["Zv\u00ed\u0159ata"],"wordCount":448,"articleBody":"      N\u011bco jin\u00e9ho je, kdy\u017e je v pl\u00e1nu jen kr\u00e1tk\u00e1 vyj\u00ed\u017e\u010fka. Tu vydr\u017e\u00ed ka\u017ed\u00fd, proto\u017ee t\u011blo nen\u00ed tolik nam\u00e1h\u00e1no. Ov\u0161em cel\u00fd den to u\u017e je \u201ejina\u010d\u00ed kaf\u00e9\u201c, jak \u0159\u00edkaj\u00ed na Vala\u0161sku. Jezdec si opravdu mus\u00ed b\u00fdt jist, \u017ee to vydr\u017e\u00ed a podle mo\u017enost\u00ed si za\u0159\u00eddit v\u0161e tak, aby sed\u011bl na koni co nejv\u00edce pohodln\u011b. Ov\u0161em\u017ee stejn\u011b pohodln\u011b se mus\u00ed c\u00edtit i zv\u00ed\u0159e na kter\u00e9m pojede. Oba si tak u\u0161et\u0159\u00ed p\u0159\u00edpadn\u00e9 nesn\u00e1ze, nebo snad dokonce neshody. Je t\u0159eba pro kon\u00edka volit vhodn\u00e9 sedlo, ale tak\u00e9 ostatn\u00ed v\u00fdbavu, aby kon\u011b nikde nic netla\u010dilo.  To plat\u00ed stejn\u011b pro sedla jako pro ohl\u00e1vky pro kon\u011b a dal\u0161\u00ed v\u00fdbavu. Pro\u010d je ohl\u00e1vka tak d\u016fle\u017eit\u00e1 a co to vlastn\u011b je? Zku\u0161en\u00ed jezdci v\u011bd\u00ed, pro ty neznal\u00e9 stru\u010dn\u011b nast\u00edn\u00edme. N\u011bkte\u0159\u00ed lid\u00e9 si toti\u017e pletou pojmy, jako pr\u00e1v\u011b ohl\u00e1vku, uzdu nebo udidlo. V\u011bzte tedy, \u017ee to nen\u00ed jedna v\u011bc, ale ka\u017ed\u00e1 je jin\u00e1. A proto\u017ee n\u00e1s zaj\u00edm\u00e1 jen ohl\u00e1vka, budeme si \u010d\u00edst o n\u00ed. Uzdu m\u00e1 ten, kdo na koni jede, ohl\u00e1vku m\u00e1 ten, kdo kon\u011b vede. Tedy, p\u0159esn\u011bji, nem\u00e1 ji on, ale zv\u00ed\u0159e. Ohl\u00e1vku m\u00e1 k\u016f\u0148 na hlav\u011b a za u\u0161imaa d\u011bl\u00e1 se ve velk\u00e9 v\u011bt\u0161in\u011b z ploch\u00fdch \u0159emen\u016f. Ale  m\u016f\u017ee e b\u00fdt z jin\u00fdch materi\u00e1l\u016f, hodn\u011b se setk\u00e1me s provazovou, kter\u00e1 se uzluje. Za tuto ohl\u00e1vku se k\u016f\u0148 vede, ale tak\u00e9 n\u011bkam p\u0159ivazuje, pokud nechceme a by se n\u00e1m n\u011bkam zatoulal.  K del\u0161\u00edmu pou\u017e\u00edv\u00e1n\u00ed jsou ur\u010deny ohl\u00e1vky speci\u00e1ln\u00ed. Ty by nem\u011bly chyb\u011bt v \u017e\u00e1dn\u00e9 st\u00e1ji. Pou\u017e\u00edvaj\u00ed se pro citliv\u011bj\u0161\u00ed zv\u00ed\u0159ata a pro ty kter\u00e1 si teprve zvykaj\u00ed. Tyto ohl\u00e1vky b\u00fdvaj\u00ed pod\u0161ity r\u016fzn\u00fdm materi\u00e1lem, v\u011bt\u0161inou to b\u00fdv\u00e1 n\u011bco, pod \u010d\u00edm nehroz\u00ed zapa\u0159en\u00ed. K tomu se je\u0161t\u011b m\u016f\u017ee p\u0159idat t\u00fdln\u00ed p\u00e1sek, kter\u00fd m\u00e1 zabr\u00e1nit zv\u00ed\u0159eti a by se mu cel\u00e9 za\u0159\u00edzen\u00ed smeklo z hlavy. Z toho vid\u00edte, \u017ee i tato mali\u010dkost je nutn\u00e1, aby k\u016f\u0148 ned\u011blal hlouposti. Toti\u017e jezdec jist\u011b bude d\u011blat n\u011bjak\u00e9 p\u0159est\u00e1vky, pop\u0159\u00edpad\u011b kdykoli m\u016f\u017ee vzniknout situace, kdy bude t\u0159eba kon\u011b v\u00e9st. Proto je t\u0159eba m\u00edt tuto v\u011bc s sebou a p\u0159i p\u0159\u00edpadn\u00e9 pauze kon\u011b \u0159\u00e1dn\u011b uv\u00e1zat.                                                                                                                                                                                                                                                                                                                                                                                                   "},{"@context":"https:\/\/schema.org\/","@type":"BreadcrumbList","itemListElement":[{"@type":"ListItem","position":1,"name":"Den v sedle","item":"https:\/\/www.uvis.cz\/den-v-sedle\/#breadcrumbitem"}]}]