[{"@context":"https:\/\/schema.org\/","@type":"Article","@id":"https:\/\/www.uvis.cz\/jak-pecovat-o-plet-v-zimnich-mesicich\/#Article","mainEntityOfPage":"https:\/\/www.uvis.cz\/jak-pecovat-o-plet-v-zimnich-mesicich\/","headline":"Jak pe\u010dovat o ple\u0165 v zimn\u00edch m\u011bs\u00edc\u00edch","name":"Jak pe\u010dovat o ple\u0165 v zimn\u00edch m\u011bs\u00edc\u00edch","description":"V\u00a0zimn\u00edch m\u011bs\u00edc\u00edch je na\u0161e poko\u017eka vystaven\u00e1 studen\u00e9mu v\u011btru, mrazu a st\u0159\u00edd\u00e1n\u00ed teplot p\u0159i p\u0159echodech z\u00a0venku do vytopen\u00fdch m\u00edstnost\u00ed a mnohdy i siln\u00fdm slune\u010dn\u00edm paprsk\u016fm p\u0159i pobytu na hor\u00e1ch. Proto bychom j\u00ed m\u011bli v\u011bnovat specifickou p\u00e9\u010di. Na\u0161e k\u016f\u017ee v\u00a0zim\u011b trp\u00ed dehydratac\u00ed, vznikaj\u00ed na j\u00ed mal\u00e9 \u0161upinky a tak\u00e9 prasklinky, rychle ztr\u00e1c\u00ed elasticitu a mohou se objevit [&hellip;]","datePublished":"2023-04-28","dateModified":"2023-04-28","author":{"@type":"Person","@id":"https:\/\/www.uvis.cz\/author\/#Person","name":"uvis.cz\n","url":"https:\/\/www.uvis.cz\/author\/","identifier":1,"image":{"@type":"ImageObject","@id":"https:\/\/secure.gravatar.com\/avatar\/232437c79d6ebbb41eb67b1526ce0bc08ee5047d6b1594dc05abcc3258d8e0b3?s=96&d=mm&r=g","url":"https:\/\/secure.gravatar.com\/avatar\/232437c79d6ebbb41eb67b1526ce0bc08ee5047d6b1594dc05abcc3258d8e0b3?s=96&d=mm&r=g","height":96,"width":96}},"publisher":{"@type":"Organization","name":"uvis.cz","logo":{"@type":"ImageObject","@id":"\/logo.png","url":"\/logo.png","width":600,"height":60}},"url":"https:\/\/www.uvis.cz\/jak-pecovat-o-plet-v-zimnich-mesicich\/","about":["Kr\u00e1sa"],"wordCount":504,"articleBody":"V\u00a0zimn\u00edch m\u011bs\u00edc\u00edch je na\u0161e poko\u017eka vystaven\u00e1 studen\u00e9mu v\u011btru, mrazu a st\u0159\u00edd\u00e1n\u00ed teplot p\u0159i p\u0159echodech z\u00a0venku do vytopen\u00fdch m\u00edstnost\u00ed a mnohdy i siln\u00fdm slune\u010dn\u00edm paprsk\u016fm p\u0159i pobytu na hor\u00e1ch. Proto bychom j\u00ed m\u011bli v\u011bnovat specifickou p\u00e9\u010di. Na\u0161e k\u016f\u017ee v\u00a0zim\u011b trp\u00ed dehydratac\u00ed, vznikaj\u00ed na j\u00ed mal\u00e9 \u0161upinky a tak\u00e9 prasklinky, rychle ztr\u00e1c\u00ed elasticitu a mohou se objevit vr\u00e1sky. Tak\u00e9 popraskan\u00e9 \u017eilky v\u00a0obli\u010deji nejsou v\u00fdjimkou.A\u0165 m\u00e1te ple\u0165 suchou \u010di mastn\u011bj\u0161\u00ed, v\u00a0obou p\u0159\u00edpadech m\u016f\u017ee trp\u011bt v\u00a0zimn\u00edch m\u011bs\u00edc\u00edch dehydratac\u00ed. Proto je d\u016fle\u017eit\u00e9 spr\u00e1vn\u00e9 pou\u017e\u00edv\u00e1n\u00ed hydrata\u010dn\u00edch kr\u00e9m\u016f nap\u0159\u00edklad s\u00a0obsahem kyseliny hyaluronov\u00e9, glycerin \u010di rakytn\u00edk.D\u00e1le pou\u017e\u00edvejte v\u00fd\u017eivn\u00e9 kr\u00e9my, kter\u00e9 va\u0161i ple\u0165 ochr\u00e1n\u00ed p\u0159ed p\u016fsoben\u00edm negativn\u00edch vn\u011bj\u0161\u00edch vliv\u016f. V\u00fdborn\u00e9 kr\u00e9my pro va\u0161i ple\u0165 obsahuj\u00ed vitam\u00edny A, E a C, d\u00e1le va\u0161\u00ed pleti prosp\u011bj\u00ed kr\u00e9my s\u00a0obsahem bambuck\u00e9ho m\u00e1sla, kokosov\u00e9ho oleje, v\u00fdta\u017ek\u016f z\u00a0hroznov\u00fdch jader, avok\u00e1da \u010di slune\u010dnice.Po koupeli pou\u017eijte jednou za t\u00fdden v\u00fd\u017eivnou ple\u0165ovou masku. Dod\u00e1 va\u0161\u00ed pleti pot\u0159ebn\u00e9 vitam\u00edny a miner\u00e1ly. Pokud p\u0159es den pou\u017e\u00edv\u00e1te mastn\u011bj\u0161\u00ed v\u00fd\u017eivn\u00e9 kr\u00e9my, dbejte na to, aby maska byla hydrata\u010dn\u00ed.V\u00a0zimn\u00edch m\u011bs\u00edc\u00edch doch\u00e1z\u00ed k\u00a0zarudnut\u00ed poko\u017eky. Je to t\u00edm, \u017ee v\u00a0chladu jsou c\u00e9vky v\u00a0podko\u017e\u00ed sta\u017een\u00e9 a p\u0159i p\u0159\u00edchodu do vyt\u00e1p\u011bn\u00e9 m\u00edstnosti se c\u00e9vky rychle roztahuj\u00ed. To zp\u016fsobuje \u010derven\u00e1n\u00ed poko\u017eky. \u00a0Na trhu existuje spousta v\u00fdrobk\u016f a p\u0159\u00edpravk\u016f k\u00a0zamaskov\u00e1n\u00ed \u010derven\u00e9 pleti.\u00a0 P\u0159i pobytu na slun\u00ed\u010dku samoz\u0159ejm\u011b nezapom\u00ednejme nan\u00e1\u0161et kr\u00e9m s\u00a0ochrann\u00fdm UV faktorem.Nezapom\u00ednejme na pravideln\u00e9 \u010di\u0161t\u011bn\u00ed. Bez n\u011bj, bychom mohli na ple\u0165 nan\u00e1\u0161et jak\u00fdkoliv kr\u00e9m, ale na\u0161e poko\u017eka nevy\u010di\u0161t\u011bn\u00e1 a zanesen\u00e1, by jej v\u016fbec nemohla absorbovat.Ned\u00edlnou sou\u010d\u00e1st\u00ed p\u00e9\u010de o ple\u0165 je tak\u00e9 d\u016fkladn\u00e1 p\u00e9\u010de o na\u0161e rty. Ty jsou mnohem n\u00e1chyln\u011bj\u0161\u00ed k\u00a0poprask\u00e1n\u00ed v\u00a0mraziv\u00fdch zimn\u00edch dnech.\u00a0 Proto by n\u00e1m nikdy p\u0159i cest\u011b ven nem\u011bla chyb\u011bt vy\u017eivuj\u00edc\u00ed pom\u00e1da na rty, vazel\u00edna \u010di \u201ejelen\u00ed\u00a0 l\u016fj\u201c, kter\u00fd na\u0161e rty promast\u00ed, vy\u017eiv\u00ed a tak ochr\u00e1n\u00ed p\u0159ed nep\u0159\u00edjemn\u00fdm mrazem.V\u00a0zimn\u00edch m\u011bs\u00edc\u00edch na\u0161\u00ed poko\u017ece tak\u00e9 prosp\u011bje pravideln\u00e1 n\u00e1v\u0161t\u011bva sauny. K\u016f\u017ee cel\u00e9ho t\u011bla se kr\u00e1sn\u011b prokrv\u00ed, otu\u017e\u00ed a stane se m\u00e9n\u011b n\u00e1chylnou. Teplotn\u00ed rozd\u00edly bude na\u0161e poko\u017eka pak mnohem l\u00e9pe sn\u00e1\u0161et.                                                                                                                                                                                                                                                                                                                                                                                                "},{"@context":"https:\/\/schema.org\/","@type":"BreadcrumbList","itemListElement":[{"@type":"ListItem","position":1,"name":"Jak pe\u010dovat o ple\u0165 v zimn\u00edch m\u011bs\u00edc\u00edch","item":"https:\/\/www.uvis.cz\/jak-pecovat-o-plet-v-zimnich-mesicich\/#breadcrumbitem"}]}]