[{"@context":"https:\/\/schema.org\/","@type":"Article","@id":"https:\/\/www.uvis.cz\/jdete-s-dobou\/#Article","mainEntityOfPage":"https:\/\/www.uvis.cz\/jdete-s-dobou\/","headline":"Jd\u011bte s dobou","name":"Jd\u011bte s dobou","description":"M\u00e1te pocit, \u017ee V\u00e1s provoz Va\u0161eho bydlen\u00ed stoj\u00ed v\u00edc pen\u011bz, ne\u017e by se V\u00e1m zrovna l\u00edbilo? Cht\u011bli byste, aby bylo v\u0161e tak n\u011bjak p\u0159ijateln\u011bj\u0161\u00ed, a Vy jste nemuseli platit tolik? Neradi utr\u00e1c\u00edte svoje pen\u00edze za n\u011bco, co byste mohli m\u00edt levn\u011bji? Tak je to zajist\u00e9 tak\u00e9 se spot\u0159ebou elektrick\u00e9 energie ve Va\u0161\u00ed dom\u00e1cnosti. Rozhodn\u011b se [&hellip;]","datePublished":"2023-04-28","dateModified":"2023-04-28","author":{"@type":"Person","@id":"https:\/\/www.uvis.cz\/author\/#Person","name":"uvis.cz\n","url":"https:\/\/www.uvis.cz\/author\/","identifier":1,"image":{"@type":"ImageObject","@id":"https:\/\/secure.gravatar.com\/avatar\/232437c79d6ebbb41eb67b1526ce0bc08ee5047d6b1594dc05abcc3258d8e0b3?s=96&d=mm&r=g","url":"https:\/\/secure.gravatar.com\/avatar\/232437c79d6ebbb41eb67b1526ce0bc08ee5047d6b1594dc05abcc3258d8e0b3?s=96&d=mm&r=g","height":96,"width":96}},"publisher":{"@type":"Organization","name":"uvis.cz","logo":{"@type":"ImageObject","@id":"\/logo.png","url":"\/logo.png","width":600,"height":60}},"url":"https:\/\/www.uvis.cz\/jdete-s-dobou\/","about":["D\u016fm a zahrada"],"wordCount":379,"articleBody":"      M\u00e1te pocit, \u017ee V\u00e1s provoz Va\u0161eho bydlen\u00ed stoj\u00ed v\u00edc pen\u011bz, ne\u017e by se V\u00e1m zrovna l\u00edbilo? Cht\u011bli byste, aby bylo v\u0161e tak n\u011bjak p\u0159ijateln\u011bj\u0161\u00ed, a Vy jste nemuseli platit tolik? Neradi utr\u00e1c\u00edte svoje pen\u00edze za n\u011bco, co byste mohli m\u00edt levn\u011bji? Tak je to zajist\u00e9 tak\u00e9 se spot\u0159ebou elektrick\u00e9 energie ve Va\u0161\u00ed dom\u00e1cnosti. Rozhodn\u011b se vyplat\u00ed myslet na to, \u017ee byste n\u011bco takov\u00e9ho nem\u011bli zanedb\u00e1vat, proto\u017ee i za elektrickou energii se plat\u00ed. Dnes u\u017e si m\u016f\u017eete vyb\u00edrat z mnoha r\u016fzn\u00fdch v\u011bc\u00ed, jsou tu pro V\u00e1s nov\u00e9 mo\u017enosti. Ale i p\u0159esto pou\u017e\u00edv\u00e1te star\u00e9 \u017e\u00e1rovky, kter\u00e9 si pamatujete snad od mala? V\u011b\u0159te tomu, \u017ee je vhodn\u00e1 doba, abyste tento zvyk p\u0159ehodnotili a pod\u00edvali se na n\u011bj z jin\u00e9 str\u00e1nky. I drobn\u00e9 spot\u0159ebi\u010de se po\u010d\u00edtaj\u00ed I kdy\u017e se jedn\u00e1 o velice drobn\u00e9 spot\u0159ebi\u010de, o kter\u00fdch si nejsp\u00ed\u0161 mysl\u00edte, \u017ee jejich spot\u0159eba nem\u016f\u017ee b\u00fdt tak velk\u00e1, v\u00edce se nad v\u0161\u00edm zamyslete. Kdy\u017e si se\u010dtete, kolik jich doma m\u00e1te a jak \u010dasto je pou\u017e\u00edv\u00e1te, mo\u017en\u00e1 budete nep\u0159\u00edjemn\u011b p\u0159ekvapeni. A proto se postarejte o to, abyste vybrali takov\u00e9 \u017e\u00e1rovky, kter\u00e9 budou ekonomick\u00e9 a modern\u00ed? V\u0161e je mo\u017en\u00e9 V dne\u0161n\u00edm sv\u011bt\u011b takov\u00e9 \u017e\u00e1rovky samoz\u0159ejm\u011b existuj\u00ed. Jedn\u00e1 se o led e27, kter\u00e9 jsou praktick\u00e9 a spolehliv\u00e9. Jejich spot\u0159eba je skute\u010dn\u011b minim\u00e1ln\u00ed, tak\u017ee zaru\u010den\u011b u\u0161et\u0159\u00edte svoje pen\u00edze, kter\u00e9 budete moct vyu\u017e\u00edt podle sv\u00fdch p\u0159edstav. \u017d\u00e1rovky tohoto druhu neh\u0159ej\u00ed, jen tak se nezni\u010d\u00ed a vydr\u017e\u00ed dlouh\u00e9 roky bez toho, abyste s nimi museli cokoliv d\u011blat. Za v\u0161e m\u016f\u017eete platit m\u00e9n\u011b Za\u010dn\u011bte tedy sni\u017eovat energetickou n\u00e1ro\u010dnost sv\u00e9ho bydlen\u00ed, bu\u010fte si jist\u00ed t\u00edm, \u017ee v\u00fdb\u011br ekonomick\u00fdch a kvalitn\u00edch \u017e\u00e1rovek je dobr\u00fd prvn\u00ed krok, kter\u00fd V\u00e1s nebude st\u00e1t t\u00e9m\u011b\u0159 nic. A to se vyplat\u00ed doopravdy ka\u017ed\u00e9mu, kdo se pro n\u011bco takov\u00e9ho rozhodne.                                                                                                                                                                                                                                                                                                                                                                                                   "},{"@context":"https:\/\/schema.org\/","@type":"BreadcrumbList","itemListElement":[{"@type":"ListItem","position":1,"name":"Jd\u011bte s dobou","item":"https:\/\/www.uvis.cz\/jdete-s-dobou\/#breadcrumbitem"}]}]