[{"@context":"https:\/\/schema.org\/","@type":"Article","@id":"https:\/\/www.uvis.cz\/levne-ubytovani-v-praze-muzete-spojit-s-projizdkou-historickou-tramvaji\/#Article","mainEntityOfPage":"https:\/\/www.uvis.cz\/levne-ubytovani-v-praze-muzete-spojit-s-projizdkou-historickou-tramvaji\/","headline":"Levn\u00e9 ubytov\u00e1n\u00ed v Praze m\u016f\u017eete spojit s proj\u00ed\u017e\u010fkou historickou tramvaj\u00ed","name":"Levn\u00e9 ubytov\u00e1n\u00ed v Praze m\u016f\u017eete spojit s proj\u00ed\u017e\u010fkou historickou tramvaj\u00ed","description":"Nejsiln\u011bj\u0161\u00ed turistick\u00fd ruch prob\u00edh\u00e1 v na\u0161em hlavn\u00edm m\u011bst\u011b mezi Pra\u017esk\u00fdm hradem, Karlov\u00fdm mostem a Starom\u011bstsk\u00fdm n\u00e1m\u011bst\u00edm. Neobvyklou, ale velmi zaj\u00edmavou zku\u0161enost m\u016f\u017eete pro\u017e\u00edt, jestli\u017ee se posad\u00edte do pohodln\u00e9ho sedadla n\u011bkter\u00e9ho z tramvajov\u00fdch voz\u016f. Levn\u00e9 ubytov\u00e1n\u00ed v Praze si zajist\u00edte nap\u0159. v komfortn\u00ed ubytovn\u011b na \u010cern\u00e9m Most\u011b a odtud ji\u017e metrem zam\u00ed\u0159\u00edte do centra k n\u011bkter\u00e9 [&hellip;]","datePublished":"2019-08-21","dateModified":"2023-04-28","author":{"@type":"Person","@id":"https:\/\/www.uvis.cz\/author\/#Person","name":"uvis.cz\n","url":"https:\/\/www.uvis.cz\/author\/","identifier":1,"image":{"@type":"ImageObject","@id":"https:\/\/secure.gravatar.com\/avatar\/232437c79d6ebbb41eb67b1526ce0bc08ee5047d6b1594dc05abcc3258d8e0b3?s=96&d=mm&r=g","url":"https:\/\/secure.gravatar.com\/avatar\/232437c79d6ebbb41eb67b1526ce0bc08ee5047d6b1594dc05abcc3258d8e0b3?s=96&d=mm&r=g","height":96,"width":96}},"publisher":{"@type":"Organization","name":"uvis.cz","logo":{"@type":"ImageObject","@id":"\/logo.png","url":"\/logo.png","width":600,"height":60}},"image":{"@type":"ImageObject","@id":"https:\/\/www.uvis.cz\/wp-content\/uploads\/img_a364107_w1763_t1576761610.jpg","url":"https:\/\/www.uvis.cz\/wp-content\/uploads\/img_a364107_w1763_t1576761610.jpg","height":0,"width":0},"url":"https:\/\/www.uvis.cz\/levne-ubytovani-v-praze-muzete-spojit-s-projizdkou-historickou-tramvaji\/","about":["N\u00e1kupy"],"wordCount":461,"articleBody":"      Nejsiln\u011bj\u0161\u00ed turistick\u00fd ruch prob\u00edh\u00e1 v na\u0161em hlavn\u00edm m\u011bst\u011b mezi Pra\u017esk\u00fdm hradem, Karlov\u00fdm mostem a Starom\u011bstsk\u00fdm n\u00e1m\u011bst\u00edm. Neobvyklou, ale velmi zaj\u00edmavou zku\u0161enost m\u016f\u017eete pro\u017e\u00edt, jestli\u017ee se posad\u00edte do pohodln\u00e9ho sedadla n\u011bkter\u00e9ho z tramvajov\u00fdch voz\u016f. Levn\u00e9 ubytov\u00e1n\u00ed v Praze si zajist\u00edte nap\u0159. v komfortn\u00ed ubytovn\u011b na \u010cern\u00e9m Most\u011b a odtud ji\u017e metrem zam\u00ed\u0159\u00edte do centra k n\u011bkter\u00e9 z tramvajov\u00fdch tras.  Proj\u00ed\u017e\u010fky Prahou tramvaj\u00ed B\u011b\u017en\u00e9 tramvajov\u00e9 trasy \u2013 Praha je nesm\u00edrn\u011b \u00fachvatn\u00e9 m\u011bsto vzhledem k tomu, \u017ee je velmi \u010dlenit\u00e9 a posazen\u00e9 do kopcovit\u00e9ho ter\u00e9nu. Chcete-li si jedno z nejkr\u00e1sn\u011bj\u0161\u00edch lidsk\u00fdch s\u00eddel sv\u011bta prohl\u00e9dnout opravdu v poklidu, za p\u00e1r korun a bezstarostn\u011b, usedn\u011bte do n\u011bkter\u00e9 z b\u011b\u017en\u00fdch tramvajov\u00fdch linek, kter\u00e9 v\u00e1s zavezou do r\u016fzn\u00fdch zaj\u00edmav\u00fdch kout\u016f, o jejich\u017e existenci mnohdy nev\u00ed ani samotn\u00ed Pra\u017ean\u00e9. A\u0165 u\u017e se posad\u00edte do jak\u00e9koli tramvaje, vyplat\u00ed se je vyu\u017e\u00edt v cel\u00e9 d\u00e9lce. Zaj\u00edmav\u00e1 je nap\u0159. linka \u010d. 11 ze Spo\u0159ilova p\u0159es Nuselsk\u00e9 schody, I.P.Pavlova, \u017delivsk\u00e9ho, N\u00e1kladov\u00e9 n\u00e1dra\u017e\u00ed \u017di\u017ekov na Kn\u011b\u017esk\u00e1 luka. Anebo trasa \u010d. 18 z N\u00e1dra\u017e\u00ed Podbaba p\u0159es Chotkovy sady, Karlovo n\u00e1m\u011bst\u00ed k Nuselsk\u00e9 radnici a k metru Pra\u017esk\u00e9ho povst\u00e1n\u00ed. Historick\u00e1 tramvaj \u2013 vozovna St\u0159e\u0161ovice je nejzn\u00e1m\u011bj\u0161\u00edm pra\u017esk\u00fdm tramvajov\u00fdm \u201eparkovi\u0161t\u011bm\u201c, odkud se na sv\u00e9 trasy vyd\u00e1vaj\u00ed des\u00edtky voz\u016f. Mezi nimi se ob\u010das objev\u00ed tak\u00e9 raritn\u00ed kousky z prvn\u00ed republiky, nej\u010dast\u011bji jde o udr\u017eovan\u00e9 historick\u00e9 vozy Pra\u017esk\u00fdch elektrick\u00fdch drah z meziv\u00e1le\u010dn\u00e9ho obdob\u00ed konce 30. let. Vypraven\u00e9 j\u00edzdy komentovan\u00e9 m\u00edstn\u00edmi pr\u016fvodci jsou vyhled\u00e1vanou atrakc\u00ed s obrovsk\u00fdm z\u00e1jmem, a\u010dkoli turist\u00e9 absolvuj\u00ed pouze kr\u00e1tk\u00fd  http:\/\/profily.vsb.cz\/kra28 \u00fasek zahrnuj\u00edc\u00ed Hrad\u010dany a \u010d\u00e1st Star\u00e9ho a Nov\u00e9ho m\u011bsta s v\u00fdhledem na Pra\u017esk\u00fd hrad. Vyj\u00ed\u017e\u010fky se po\u0159\u00e1daj\u00ed celoro\u010dn\u011b a nejsou ovlivn\u011bny nep\u0159\u00edzniv\u00fdm po\u010das\u00edm. Komentovan\u00e9 vyj\u00ed\u017e\u010fky s pr\u016fvodcem \u2013 ze st\u0159e\u0161ovick\u00e9 vozovny se po\u0159\u00e1daj\u00ed i pravideln\u00e9 denn\u00ed a no\u010dn\u00ed vyj\u00ed\u017e\u010fky tramvajov\u00fdmi vozy s ozna\u010den\u00edm T3, kter\u00e9 Prahu k\u0159i\u017eovaly je\u0161t\u011b n\u011bkolik let po Sametov\u00e9 revoluci. V\u00fdlet nap\u0159\u00ed\u010d m\u011bstem je vym\u011b\u0159en na 90 minut a na co se m\u016f\u017ee t\u011b\u0161it? Na V\u00e1clavsk\u00e9 n\u00e1m\u011bst\u00ed, Malou Stranu, pr\u016fjezd kolem N\u00e1rodn\u00edho divadla, letenskou pl\u00e1\u0148, Strahov a pra\u017eskou \u010dtvr\u0165 Poho\u0159elec.                                                                                                                                                                                                                                                                                                                                                                                                  "},{"@context":"https:\/\/schema.org\/","@type":"BreadcrumbList","itemListElement":[{"@type":"ListItem","position":1,"name":"Levn\u00e9 ubytov\u00e1n\u00ed v Praze m\u016f\u017eete spojit s proj\u00ed\u017e\u010fkou historickou tramvaj\u00ed","item":"https:\/\/www.uvis.cz\/levne-ubytovani-v-praze-muzete-spojit-s-projizdkou-historickou-tramvaji\/#breadcrumbitem"}]}]