{"@context":"https:\/\/schema.org\/","@type":"CollectionPage","@id":"https:\/\/www.uvis.cz\/nakupy\/#CollectionPage","headline":"N\u00e1kupy Category","description":"","url":"https:\/\/www.uvis.cz\/nakupy\/","hasPart":[{"@type":"Article","@id":"https:\/\/www.uvis.cz\/nakupy-diky-youtube\/","headline":"N\u00e1kupy d\u00edky youtube","url":"https:\/\/www.uvis.cz\/nakupy-diky-youtube\/","datePublished":"2025-03-05","dateModified":"2023-04-28","mainEntityOfPage":"https:\/\/www.uvis.cz\/nakupy-diky-youtube\/","author":{"@type":"Person","@id":"https:\/\/www.uvis.cz\/author\/#Person","name":"uvis.cz\n","url":"https:\/\/www.uvis.cz\/author\/","identifier":1,"image":{"@type":"ImageObject","@id":"https:\/\/secure.gravatar.com\/avatar\/232437c79d6ebbb41eb67b1526ce0bc08ee5047d6b1594dc05abcc3258d8e0b3?s=96&d=mm&r=g","url":"https:\/\/secure.gravatar.com\/avatar\/232437c79d6ebbb41eb67b1526ce0bc08ee5047d6b1594dc05abcc3258d8e0b3?s=96&d=mm&r=g","height":96,"width":96}},"publisher":{"@type":"Organization","name":"uvis.cz","logo":{"@type":"ImageObject","@id":"\/logo.png","url":"\/logo.png","width":600,"height":60}},"image":{"@type":"ImageObject","@id":"https:\/\/www.uvis.cz\/wp-content\/uploads\/img_a288740_w1763_t1499714707.jpg","url":"https:\/\/www.uvis.cz\/wp-content\/uploads\/img_a288740_w1763_t1499714707.jpg","height":0,"width":0},"keywords":null},{"@type":"Article","@id":"https:\/\/www.uvis.cz\/co-nas-v-nasich-mesicnich-nakupech-stoji-nejvice-penez\/","headline":"Co n\u00e1s v na\u0161ich m\u011bs\u00ed\u010dn\u00edch n\u00e1kupech stoj\u00ed nejv\u00edce pen\u011bz?","url":"https:\/\/www.uvis.cz\/co-nas-v-nasich-mesicnich-nakupech-stoji-nejvice-penez\/","datePublished":"2025-03-05","dateModified":"2023-04-28","mainEntityOfPage":"https:\/\/www.uvis.cz\/co-nas-v-nasich-mesicnich-nakupech-stoji-nejvice-penez\/","author":{"@type":"Person","@id":"https:\/\/www.uvis.cz\/author\/#Person","name":"uvis.cz\n","url":"https:\/\/www.uvis.cz\/author\/","identifier":1,"image":{"@type":"ImageObject","@id":"https:\/\/secure.gravatar.com\/avatar\/232437c79d6ebbb41eb67b1526ce0bc08ee5047d6b1594dc05abcc3258d8e0b3?s=96&d=mm&r=g","url":"https:\/\/secure.gravatar.com\/avatar\/232437c79d6ebbb41eb67b1526ce0bc08ee5047d6b1594dc05abcc3258d8e0b3?s=96&d=mm&r=g","height":96,"width":96}},"publisher":{"@type":"Organization","name":"uvis.cz","logo":{"@type":"ImageObject","@id":"\/logo.png","url":"\/logo.png","width":600,"height":60}},"image":{"@type":"ImageObject","@id":"https:\/\/www.uvis.cz\/wp-content\/uploads\/img_a288741_w1763_t1499714853.jpg","url":"https:\/\/www.uvis.cz\/wp-content\/uploads\/img_a288741_w1763_t1499714853.jpg","height":0,"width":0},"keywords":null},{"@type":"Article","@id":"https:\/\/www.uvis.cz\/uz-zadny-mixer\/","headline":"U\u017e \u017e\u00e1dn\u00fd mix\u00e9r","url":"https:\/\/www.uvis.cz\/uz-zadny-mixer\/","datePublished":"2025-03-04","dateModified":"2023-04-28","mainEntityOfPage":"https:\/\/www.uvis.cz\/uz-zadny-mixer\/","author":{"@type":"Person","@id":"https:\/\/www.uvis.cz\/author\/#Person","name":"uvis.cz\n","url":"https:\/\/www.uvis.cz\/author\/","identifier":1,"image":{"@type":"ImageObject","@id":"https:\/\/secure.gravatar.com\/avatar\/232437c79d6ebbb41eb67b1526ce0bc08ee5047d6b1594dc05abcc3258d8e0b3?s=96&d=mm&r=g","url":"https:\/\/secure.gravatar.com\/avatar\/232437c79d6ebbb41eb67b1526ce0bc08ee5047d6b1594dc05abcc3258d8e0b3?s=96&d=mm&r=g","height":96,"width":96}},"publisher":{"@type":"Organization","name":"uvis.cz","logo":{"@type":"ImageObject","@id":"\/logo.png","url":"\/logo.png","width":600,"height":60}},"image":{"@type":"ImageObject","@id":"https:\/\/www.uvis.cz\/wp-content\/uploads\/img_a316361_w1763_t1527319845.jpg","url":"https:\/\/www.uvis.cz\/wp-content\/uploads\/img_a316361_w1763_t1527319845.jpg","height":0,"width":0},"keywords":null},{"@type":"Article","@id":"https:\/\/www.uvis.cz\/na-hemeroidy-zabere-dubova-kura-a-doplneni-vlakniny\/","headline":"Na hemeroidy zabere dubov\u00e1 k\u016fra a dopln\u011bn\u00ed vl\u00e1kniny","url":"https:\/\/www.uvis.cz\/na-hemeroidy-zabere-dubova-kura-a-doplneni-vlakniny\/","datePublished":"2025-03-04","dateModified":"2023-04-28","mainEntityOfPage":"https:\/\/www.uvis.cz\/na-hemeroidy-zabere-dubova-kura-a-doplneni-vlakniny\/","author":{"@type":"Person","@id":"https:\/\/www.uvis.cz\/author\/#Person","name":"uvis.cz\n","url":"https:\/\/www.uvis.cz\/author\/","identifier":1,"image":{"@type":"ImageObject","@id":"https:\/\/secure.gravatar.com\/avatar\/232437c79d6ebbb41eb67b1526ce0bc08ee5047d6b1594dc05abcc3258d8e0b3?s=96&d=mm&r=g","url":"https:\/\/secure.gravatar.com\/avatar\/232437c79d6ebbb41eb67b1526ce0bc08ee5047d6b1594dc05abcc3258d8e0b3?s=96&d=mm&r=g","height":96,"width":96}},"publisher":{"@type":"Organization","name":"uvis.cz","logo":{"@type":"ImageObject","@id":"\/logo.png","url":"\/logo.png","width":600,"height":60}},"image":{"@type":"ImageObject","@id":"https:\/\/www.uvis.cz\/wp-content\/uploads\/img_a299300_w1763_t1509374038.jpg","url":"https:\/\/www.uvis.cz\/wp-content\/uploads\/img_a299300_w1763_t1509374038.jpg","height":0,"width":0},"keywords":null},{"@type":"Article","@id":"https:\/\/www.uvis.cz\/nakupy-v-polsku\/","headline":"N\u00e1kupy v Polsku","url":"https:\/\/www.uvis.cz\/nakupy-v-polsku\/","datePublished":"2025-03-01","dateModified":"2023-04-28","mainEntityOfPage":"https:\/\/www.uvis.cz\/nakupy-v-polsku\/","author":{"@type":"Person","@id":"https:\/\/www.uvis.cz\/author\/#Person","name":"uvis.cz\n","url":"https:\/\/www.uvis.cz\/author\/","identifier":1,"image":{"@type":"ImageObject","@id":"https:\/\/secure.gravatar.com\/avatar\/232437c79d6ebbb41eb67b1526ce0bc08ee5047d6b1594dc05abcc3258d8e0b3?s=96&d=mm&r=g","url":"https:\/\/secure.gravatar.com\/avatar\/232437c79d6ebbb41eb67b1526ce0bc08ee5047d6b1594dc05abcc3258d8e0b3?s=96&d=mm&r=g","height":96,"width":96}},"publisher":{"@type":"Organization","name":"uvis.cz","logo":{"@type":"ImageObject","@id":"\/logo.png","url":"\/logo.png","width":600,"height":60}},"image":{"@type":"ImageObject","@id":"https:\/\/www.uvis.cz\/wp-content\/uploads\/img_a288739_w1763_t1499714591.jpg","url":"https:\/\/www.uvis.cz\/wp-content\/uploads\/img_a288739_w1763_t1499714591.jpg","height":0,"width":0},"keywords":null},{"@type":"Article","@id":"https:\/\/www.uvis.cz\/hubnuti-je-pomerne-narocne\/","headline":"Hubnut\u00ed je pom\u011brn\u011b n\u00e1ro\u010dn\u00e9","url":"https:\/\/www.uvis.cz\/hubnuti-je-pomerne-narocne\/","datePublished":"2024-04-19","dateModified":"2024-04-19","mainEntityOfPage":"https:\/\/www.uvis.cz\/hubnuti-je-pomerne-narocne\/","author":{"@type":"Person","@id":"https:\/\/www.uvis.cz\/author\/#Person","name":"uvis.cz\n","url":"https:\/\/www.uvis.cz\/author\/","identifier":1,"image":{"@type":"ImageObject","@id":"https:\/\/secure.gravatar.com\/avatar\/232437c79d6ebbb41eb67b1526ce0bc08ee5047d6b1594dc05abcc3258d8e0b3?s=96&d=mm&r=g","url":"https:\/\/secure.gravatar.com\/avatar\/232437c79d6ebbb41eb67b1526ce0bc08ee5047d6b1594dc05abcc3258d8e0b3?s=96&d=mm&r=g","height":96,"width":96}},"publisher":{"@type":"Organization","name":"uvis.cz","logo":{"@type":"ImageObject","@id":"\/logo.png","url":"\/logo.png","width":600,"height":60}},"image":null,"keywords":null},{"@type":"Article","@id":"https:\/\/www.uvis.cz\/spolehnout-se-na-plastove-obalky-je-spravne-reseni\/","headline":"Spolehnout se na plastov\u00e9 ob\u00e1lky je spr\u00e1vn\u00e9 \u0159e\u0161en\u00ed","url":"https:\/\/www.uvis.cz\/spolehnout-se-na-plastove-obalky-je-spravne-reseni\/","datePublished":"2023-12-04","dateModified":"2023-12-04","mainEntityOfPage":"https:\/\/www.uvis.cz\/spolehnout-se-na-plastove-obalky-je-spravne-reseni\/","author":{"@type":"Person","@id":"https:\/\/www.uvis.cz\/author\/#Person","name":"uvis.cz\n","url":"https:\/\/www.uvis.cz\/author\/","identifier":1,"image":{"@type":"ImageObject","@id":"https:\/\/secure.gravatar.com\/avatar\/232437c79d6ebbb41eb67b1526ce0bc08ee5047d6b1594dc05abcc3258d8e0b3?s=96&d=mm&r=g","url":"https:\/\/secure.gravatar.com\/avatar\/232437c79d6ebbb41eb67b1526ce0bc08ee5047d6b1594dc05abcc3258d8e0b3?s=96&d=mm&r=g","height":96,"width":96}},"publisher":{"@type":"Organization","name":"uvis.cz","logo":{"@type":"ImageObject","@id":"\/logo.png","url":"\/logo.png","width":600,"height":60}},"image":null,"keywords":null},{"@type":"Article","@id":"https:\/\/www.uvis.cz\/s-kavou-to-jde-zcela-snadno\/","headline":"S k\u00e1vou to jde zcela snadno!","url":"https:\/\/www.uvis.cz\/s-kavou-to-jde-zcela-snadno\/","datePublished":"2023-06-21","dateModified":"2023-06-21","mainEntityOfPage":"https:\/\/www.uvis.cz\/s-kavou-to-jde-zcela-snadno\/","author":{"@type":"Person","@id":"https:\/\/www.uvis.cz\/author\/#Person","name":"uvis.cz\n","url":"https:\/\/www.uvis.cz\/author\/","identifier":1,"image":{"@type":"ImageObject","@id":"https:\/\/secure.gravatar.com\/avatar\/232437c79d6ebbb41eb67b1526ce0bc08ee5047d6b1594dc05abcc3258d8e0b3?s=96&d=mm&r=g","url":"https:\/\/secure.gravatar.com\/avatar\/232437c79d6ebbb41eb67b1526ce0bc08ee5047d6b1594dc05abcc3258d8e0b3?s=96&d=mm&r=g","height":96,"width":96}},"publisher":{"@type":"Organization","name":"uvis.cz","logo":{"@type":"ImageObject","@id":"\/logo.png","url":"\/logo.png","width":600,"height":60}},"image":null,"keywords":null},{"@type":"Article","@id":"https:\/\/www.uvis.cz\/jak-usetrit-pri-nakupech-potravin\/","headline":"Jak u\u0161et\u0159it p\u0159i n\u00e1kupech potravin","url":"https:\/\/www.uvis.cz\/jak-usetrit-pri-nakupech-potravin\/","datePublished":"2023-04-28","dateModified":"2023-04-28","mainEntityOfPage":"https:\/\/www.uvis.cz\/jak-usetrit-pri-nakupech-potravin\/","author":{"@type":"Person","@id":"https:\/\/www.uvis.cz\/author\/#Person","name":"uvis.cz\n","url":"https:\/\/www.uvis.cz\/author\/","identifier":1,"image":{"@type":"ImageObject","@id":"https:\/\/secure.gravatar.com\/avatar\/232437c79d6ebbb41eb67b1526ce0bc08ee5047d6b1594dc05abcc3258d8e0b3?s=96&d=mm&r=g","url":"https:\/\/secure.gravatar.com\/avatar\/232437c79d6ebbb41eb67b1526ce0bc08ee5047d6b1594dc05abcc3258d8e0b3?s=96&d=mm&r=g","height":96,"width":96}},"publisher":{"@type":"Organization","name":"uvis.cz","logo":{"@type":"ImageObject","@id":"\/logo.png","url":"\/logo.png","width":600,"height":60}},"image":null,"keywords":null},{"@type":"Article","@id":"https:\/\/www.uvis.cz\/proc-lide-nemaji-prilis-radi-klicenky-na-krk\/","headline":"Pro\u010d lid\u00e9 nemaj\u00ed p\u0159\u00edli\u0161 r\u00e1di kl\u00ed\u010denky na krk","url":"https:\/\/www.uvis.cz\/proc-lide-nemaji-prilis-radi-klicenky-na-krk\/","datePublished":"2021-10-19","dateModified":"2023-04-28","mainEntityOfPage":"https:\/\/www.uvis.cz\/proc-lide-nemaji-prilis-radi-klicenky-na-krk\/","author":{"@type":"Person","@id":"https:\/\/www.uvis.cz\/author\/#Person","name":"uvis.cz\n","url":"https:\/\/www.uvis.cz\/author\/","identifier":1,"image":{"@type":"ImageObject","@id":"https:\/\/secure.gravatar.com\/avatar\/232437c79d6ebbb41eb67b1526ce0bc08ee5047d6b1594dc05abcc3258d8e0b3?s=96&d=mm&r=g","url":"https:\/\/secure.gravatar.com\/avatar\/232437c79d6ebbb41eb67b1526ce0bc08ee5047d6b1594dc05abcc3258d8e0b3?s=96&d=mm&r=g","height":96,"width":96}},"publisher":{"@type":"Organization","name":"uvis.cz","logo":{"@type":"ImageObject","@id":"\/logo.png","url":"\/logo.png","width":600,"height":60}},"image":{"@type":"ImageObject","@id":"https:\/\/www.uvis.cz\/wp-content\/uploads\/klicenka1.jpg","url":"https:\/\/www.uvis.cz\/wp-content\/uploads\/klicenka1.jpg","height":0,"width":0},"keywords":null}]}