{"@context":"https:\/\/schema.org\/","@type":"CollectionPage","@id":"https:\/\/www.uvis.cz\/nakupy\/#CollectionPage","headline":"N\u00e1kupy Category","description":"","url":"https:\/\/www.uvis.cz\/nakupy\/","hasPart":[{"@type":"Article","@id":"https:\/\/www.uvis.cz\/kurkuma-zluty-zazrak\/","headline":"Kurkuma \u2013 \u017elut\u00fd z\u00e1zrak","url":"https:\/\/www.uvis.cz\/kurkuma-zluty-zazrak\/","datePublished":"2020-10-12","dateModified":"2023-04-28","mainEntityOfPage":"https:\/\/www.uvis.cz\/kurkuma-zluty-zazrak\/","author":{"@type":"Person","@id":"https:\/\/www.uvis.cz\/author\/#Person","name":"uvis.cz\n","url":"https:\/\/www.uvis.cz\/author\/","identifier":1,"image":{"@type":"ImageObject","@id":"https:\/\/secure.gravatar.com\/avatar\/232437c79d6ebbb41eb67b1526ce0bc08ee5047d6b1594dc05abcc3258d8e0b3?s=96&d=mm&r=g","url":"https:\/\/secure.gravatar.com\/avatar\/232437c79d6ebbb41eb67b1526ce0bc08ee5047d6b1594dc05abcc3258d8e0b3?s=96&d=mm&r=g","height":96,"width":96}},"publisher":{"@type":"Organization","name":"uvis.cz","logo":{"@type":"ImageObject","@id":"\/logo.png","url":"\/logo.png","width":600,"height":60}},"image":{"@type":"ImageObject","@id":"https:\/\/www.uvis.cz\/wp-content\/uploads\/kurkuma%20cena.jpg","url":"https:\/\/www.uvis.cz\/wp-content\/uploads\/kurkuma%20cena.jpg","height":0,"width":0},"keywords":null},{"@type":"Article","@id":"https:\/\/www.uvis.cz\/vhodna-dekorace-do-vasi-zahrady\/","headline":"Vhodn\u00e1 dekorace do va\u0161\u00ed zahrady","url":"https:\/\/www.uvis.cz\/vhodna-dekorace-do-vasi-zahrady\/","datePublished":"2020-03-08","dateModified":"2023-12-08","mainEntityOfPage":"https:\/\/www.uvis.cz\/vhodna-dekorace-do-vasi-zahrady\/","author":{"@type":"Person","@id":"https:\/\/www.uvis.cz\/author\/#Person","name":"uvis.cz\n","url":"https:\/\/www.uvis.cz\/author\/","identifier":1,"image":{"@type":"ImageObject","@id":"https:\/\/secure.gravatar.com\/avatar\/232437c79d6ebbb41eb67b1526ce0bc08ee5047d6b1594dc05abcc3258d8e0b3?s=96&d=mm&r=g","url":"https:\/\/secure.gravatar.com\/avatar\/232437c79d6ebbb41eb67b1526ce0bc08ee5047d6b1594dc05abcc3258d8e0b3?s=96&d=mm&r=g","height":96,"width":96}},"publisher":{"@type":"Organization","name":"uvis.cz","logo":{"@type":"ImageObject","@id":"\/logo.png","url":"\/logo.png","width":600,"height":60}},"image":{"@type":"ImageObject","@id":"https:\/\/www.uvis.cz\/wp-content\/uploads\/%C4%8Derstv%C4%9B%20posekan%C3%A1%20zahrada.jpg","url":"https:\/\/www.uvis.cz\/wp-content\/uploads\/%C4%8Derstv%C4%9B%20posekan%C3%A1%20zahrada.jpg","height":0,"width":0},"keywords":null},{"@type":"Article","@id":"https:\/\/www.uvis.cz\/neni-plot-jako-betonovy-plot\/","headline":"Nen\u00ed plot jako betonov\u00fd plot","url":"https:\/\/www.uvis.cz\/neni-plot-jako-betonovy-plot\/","datePublished":"2020-01-17","dateModified":"2023-04-28","mainEntityOfPage":"https:\/\/www.uvis.cz\/neni-plot-jako-betonovy-plot\/","author":{"@type":"Person","@id":"https:\/\/www.uvis.cz\/author\/#Person","name":"uvis.cz\n","url":"https:\/\/www.uvis.cz\/author\/","identifier":1,"image":{"@type":"ImageObject","@id":"https:\/\/secure.gravatar.com\/avatar\/232437c79d6ebbb41eb67b1526ce0bc08ee5047d6b1594dc05abcc3258d8e0b3?s=96&d=mm&r=g","url":"https:\/\/secure.gravatar.com\/avatar\/232437c79d6ebbb41eb67b1526ce0bc08ee5047d6b1594dc05abcc3258d8e0b3?s=96&d=mm&r=g","height":96,"width":96}},"publisher":{"@type":"Organization","name":"uvis.cz","logo":{"@type":"ImageObject","@id":"\/logo.png","url":"\/logo.png","width":600,"height":60}},"image":{"@type":"ImageObject","@id":"https:\/\/www.uvis.cz\/wp-content\/uploads\/img_a374704_w1763_t1586416050.jpg","url":"https:\/\/www.uvis.cz\/wp-content\/uploads\/img_a374704_w1763_t1586416050.jpg","height":0,"width":0},"keywords":null},{"@type":"Article","@id":"https:\/\/www.uvis.cz\/klimatizace-muze-prispet-k-ochrane-naseho-zdravi\/","headline":"Klimatizace m\u016f\u017ee p\u0159isp\u011bt k ochran\u011b na\u0161eho zdrav\u00ed","url":"https:\/\/www.uvis.cz\/klimatizace-muze-prispet-k-ochrane-naseho-zdravi\/","datePublished":"2020-01-06","dateModified":"2023-04-28","mainEntityOfPage":"https:\/\/www.uvis.cz\/klimatizace-muze-prispet-k-ochrane-naseho-zdravi\/","author":{"@type":"Person","@id":"https:\/\/www.uvis.cz\/author\/#Person","name":"uvis.cz\n","url":"https:\/\/www.uvis.cz\/author\/","identifier":1,"image":{"@type":"ImageObject","@id":"https:\/\/secure.gravatar.com\/avatar\/232437c79d6ebbb41eb67b1526ce0bc08ee5047d6b1594dc05abcc3258d8e0b3?s=96&d=mm&r=g","url":"https:\/\/secure.gravatar.com\/avatar\/232437c79d6ebbb41eb67b1526ce0bc08ee5047d6b1594dc05abcc3258d8e0b3?s=96&d=mm&r=g","height":96,"width":96}},"publisher":{"@type":"Organization","name":"uvis.cz","logo":{"@type":"ImageObject","@id":"\/logo.png","url":"\/logo.png","width":600,"height":60}},"image":{"@type":"ImageObject","@id":"https:\/\/www.uvis.cz\/wp-content\/uploads\/img_a373653_w1763_t1585128857.png","url":"https:\/\/www.uvis.cz\/wp-content\/uploads\/img_a373653_w1763_t1585128857.png","height":0,"width":0},"keywords":null},{"@type":"Article","@id":"https:\/\/www.uvis.cz\/dokonaly-uspech\/","headline":"Dokonal\u00fd \u00fasp\u011bch","url":"https:\/\/www.uvis.cz\/dokonaly-uspech\/","datePublished":"2019-12-23","dateModified":"2023-04-28","mainEntityOfPage":"https:\/\/www.uvis.cz\/dokonaly-uspech\/","author":{"@type":"Person","@id":"https:\/\/www.uvis.cz\/author\/#Person","name":"uvis.cz\n","url":"https:\/\/www.uvis.cz\/author\/","identifier":1,"image":{"@type":"ImageObject","@id":"https:\/\/secure.gravatar.com\/avatar\/232437c79d6ebbb41eb67b1526ce0bc08ee5047d6b1594dc05abcc3258d8e0b3?s=96&d=mm&r=g","url":"https:\/\/secure.gravatar.com\/avatar\/232437c79d6ebbb41eb67b1526ce0bc08ee5047d6b1594dc05abcc3258d8e0b3?s=96&d=mm&r=g","height":96,"width":96}},"publisher":{"@type":"Organization","name":"uvis.cz","logo":{"@type":"ImageObject","@id":"\/logo.png","url":"\/logo.png","width":600,"height":60}},"image":{"@type":"ImageObject","@id":"https:\/\/www.uvis.cz\/wp-content\/uploads\/img_a368413_w1763_t1580741164.jpg","url":"https:\/\/www.uvis.cz\/wp-content\/uploads\/img_a368413_w1763_t1580741164.jpg","height":0,"width":0},"keywords":null},{"@type":"Article","@id":"https:\/\/www.uvis.cz\/malokdo-rekne-ne\/","headline":"M\u00e1lokdo \u0159ekne ne!","url":"https:\/\/www.uvis.cz\/malokdo-rekne-ne\/","datePublished":"2019-12-14","dateModified":"2023-04-28","mainEntityOfPage":"https:\/\/www.uvis.cz\/malokdo-rekne-ne\/","author":{"@type":"Person","@id":"https:\/\/www.uvis.cz\/author\/#Person","name":"uvis.cz\n","url":"https:\/\/www.uvis.cz\/author\/","identifier":1,"image":{"@type":"ImageObject","@id":"https:\/\/secure.gravatar.com\/avatar\/232437c79d6ebbb41eb67b1526ce0bc08ee5047d6b1594dc05abcc3258d8e0b3?s=96&d=mm&r=g","url":"https:\/\/secure.gravatar.com\/avatar\/232437c79d6ebbb41eb67b1526ce0bc08ee5047d6b1594dc05abcc3258d8e0b3?s=96&d=mm&r=g","height":96,"width":96}},"publisher":{"@type":"Organization","name":"uvis.cz","logo":{"@type":"ImageObject","@id":"\/logo.png","url":"\/logo.png","width":600,"height":60}},"image":{"@type":"ImageObject","@id":"https:\/\/www.uvis.cz\/wp-content\/uploads\/img_a372217_w1763_t1583751482.png","url":"https:\/\/www.uvis.cz\/wp-content\/uploads\/img_a372217_w1763_t1583751482.png","height":0,"width":0},"keywords":null},{"@type":"Article","@id":"https:\/\/www.uvis.cz\/je-cerna-kozena-kabelka-skutecne-vhodna-pro-vsechny-prilezitosti\/","headline":"Je \u010dern\u00e1 ko\u017een\u00e1 kabelka skute\u010dn\u011b vhodn\u00e1 pro v\u0161echny p\u0159\u00edle\u017eitosti?","url":"https:\/\/www.uvis.cz\/je-cerna-kozena-kabelka-skutecne-vhodna-pro-vsechny-prilezitosti\/","datePublished":"2019-12-05","dateModified":"2023-04-28","mainEntityOfPage":"https:\/\/www.uvis.cz\/je-cerna-kozena-kabelka-skutecne-vhodna-pro-vsechny-prilezitosti\/","author":{"@type":"Person","@id":"https:\/\/www.uvis.cz\/author\/#Person","name":"uvis.cz\n","url":"https:\/\/www.uvis.cz\/author\/","identifier":1,"image":{"@type":"ImageObject","@id":"https:\/\/secure.gravatar.com\/avatar\/232437c79d6ebbb41eb67b1526ce0bc08ee5047d6b1594dc05abcc3258d8e0b3?s=96&d=mm&r=g","url":"https:\/\/secure.gravatar.com\/avatar\/232437c79d6ebbb41eb67b1526ce0bc08ee5047d6b1594dc05abcc3258d8e0b3?s=96&d=mm&r=g","height":96,"width":96}},"publisher":{"@type":"Organization","name":"uvis.cz","logo":{"@type":"ImageObject","@id":"\/logo.png","url":"\/logo.png","width":600,"height":60}},"image":{"@type":"ImageObject","@id":"https:\/\/www.uvis.cz\/wp-content\/uploads\/img_a372180_w1763_t1583498664.jpg","url":"https:\/\/www.uvis.cz\/wp-content\/uploads\/img_a372180_w1763_t1583498664.jpg","height":0,"width":0},"keywords":null},{"@type":"Article","@id":"https:\/\/www.uvis.cz\/obleceni-a-latkove-pleny\/","headline":"Oble\u010den\u00ed a l\u00e1tkov\u00e9 pleny","url":"https:\/\/www.uvis.cz\/obleceni-a-latkove-pleny\/","datePublished":"2019-12-03","dateModified":"2023-04-28","mainEntityOfPage":"https:\/\/www.uvis.cz\/obleceni-a-latkove-pleny\/","author":{"@type":"Person","@id":"https:\/\/www.uvis.cz\/author\/#Person","name":"uvis.cz\n","url":"https:\/\/www.uvis.cz\/author\/","identifier":1,"image":{"@type":"ImageObject","@id":"https:\/\/secure.gravatar.com\/avatar\/232437c79d6ebbb41eb67b1526ce0bc08ee5047d6b1594dc05abcc3258d8e0b3?s=96&d=mm&r=g","url":"https:\/\/secure.gravatar.com\/avatar\/232437c79d6ebbb41eb67b1526ce0bc08ee5047d6b1594dc05abcc3258d8e0b3?s=96&d=mm&r=g","height":96,"width":96}},"publisher":{"@type":"Organization","name":"uvis.cz","logo":{"@type":"ImageObject","@id":"\/logo.png","url":"\/logo.png","width":600,"height":60}},"image":{"@type":"ImageObject","@id":"https:\/\/www.uvis.cz\/wp-content\/uploads\/img_a370111_w1763_t1581923748.png","url":"https:\/\/www.uvis.cz\/wp-content\/uploads\/img_a370111_w1763_t1581923748.png","height":0,"width":0},"keywords":null},{"@type":"Article","@id":"https:\/\/www.uvis.cz\/svatba-na-klic-a-bez-starosti\/","headline":"Svatba na kl\u00ed\u010d a bez starost\u00ed!","url":"https:\/\/www.uvis.cz\/svatba-na-klic-a-bez-starosti\/","datePublished":"2019-10-11","dateModified":"2023-04-28","mainEntityOfPage":"https:\/\/www.uvis.cz\/svatba-na-klic-a-bez-starosti\/","author":{"@type":"Person","@id":"https:\/\/www.uvis.cz\/author\/#Person","name":"uvis.cz\n","url":"https:\/\/www.uvis.cz\/author\/","identifier":1,"image":{"@type":"ImageObject","@id":"https:\/\/secure.gravatar.com\/avatar\/232437c79d6ebbb41eb67b1526ce0bc08ee5047d6b1594dc05abcc3258d8e0b3?s=96&d=mm&r=g","url":"https:\/\/secure.gravatar.com\/avatar\/232437c79d6ebbb41eb67b1526ce0bc08ee5047d6b1594dc05abcc3258d8e0b3?s=96&d=mm&r=g","height":96,"width":96}},"publisher":{"@type":"Organization","name":"uvis.cz","logo":{"@type":"ImageObject","@id":"\/logo.png","url":"\/logo.png","width":600,"height":60}},"image":{"@type":"ImageObject","@id":"https:\/\/www.uvis.cz\/wp-content\/uploads\/img_a360450_w1763_t1574157456.jpg","url":"https:\/\/www.uvis.cz\/wp-content\/uploads\/img_a360450_w1763_t1574157456.jpg","height":0,"width":0},"keywords":null},{"@type":"Article","@id":"https:\/\/www.uvis.cz\/svuj-bicykl-muzete-vzit-kamkoli-s-sebou\/","headline":"Sv\u016fj bicykl m\u016f\u017eete vz\u00edt kamkoli s sebou","url":"https:\/\/www.uvis.cz\/svuj-bicykl-muzete-vzit-kamkoli-s-sebou\/","datePublished":"2019-09-27","dateModified":"2023-04-28","mainEntityOfPage":"https:\/\/www.uvis.cz\/svuj-bicykl-muzete-vzit-kamkoli-s-sebou\/","author":{"@type":"Person","@id":"https:\/\/www.uvis.cz\/author\/#Person","name":"uvis.cz\n","url":"https:\/\/www.uvis.cz\/author\/","identifier":1,"image":{"@type":"ImageObject","@id":"https:\/\/secure.gravatar.com\/avatar\/232437c79d6ebbb41eb67b1526ce0bc08ee5047d6b1594dc05abcc3258d8e0b3?s=96&d=mm&r=g","url":"https:\/\/secure.gravatar.com\/avatar\/232437c79d6ebbb41eb67b1526ce0bc08ee5047d6b1594dc05abcc3258d8e0b3?s=96&d=mm&r=g","height":96,"width":96}},"publisher":{"@type":"Organization","name":"uvis.cz","logo":{"@type":"ImageObject","@id":"\/logo.png","url":"\/logo.png","width":600,"height":60}},"image":{"@type":"ImageObject","@id":"https:\/\/www.uvis.cz\/wp-content\/uploads\/img_a363287_w1763_t1576061514.jpg","url":"https:\/\/www.uvis.cz\/wp-content\/uploads\/img_a363287_w1763_t1576061514.jpg","height":0,"width":0},"keywords":null}]}