{"@context":"https:\/\/schema.org\/","@type":"CollectionPage","@id":"https:\/\/www.uvis.cz\/nakupy\/#CollectionPage","headline":"N\u00e1kupy Category","description":"","url":"https:\/\/www.uvis.cz\/nakupy\/","hasPart":[{"@type":"Article","@id":"https:\/\/www.uvis.cz\/zmena-prisla-i-ve-vyrobe-velkych-vrat\/","headline":"Zm\u011bna p\u0159i\u0161la i ve v\u00fdrob\u011b velk\u00fdch vrat","url":"https:\/\/www.uvis.cz\/zmena-prisla-i-ve-vyrobe-velkych-vrat\/","datePublished":"2019-09-25","dateModified":"2023-04-28","mainEntityOfPage":"https:\/\/www.uvis.cz\/zmena-prisla-i-ve-vyrobe-velkych-vrat\/","author":{"@type":"Person","@id":"https:\/\/www.uvis.cz\/author\/#Person","name":"uvis.cz\n","url":"https:\/\/www.uvis.cz\/author\/","identifier":1,"image":{"@type":"ImageObject","@id":"https:\/\/secure.gravatar.com\/avatar\/232437c79d6ebbb41eb67b1526ce0bc08ee5047d6b1594dc05abcc3258d8e0b3?s=96&d=mm&r=g","url":"https:\/\/secure.gravatar.com\/avatar\/232437c79d6ebbb41eb67b1526ce0bc08ee5047d6b1594dc05abcc3258d8e0b3?s=96&d=mm&r=g","height":96,"width":96}},"publisher":{"@type":"Organization","name":"uvis.cz","logo":{"@type":"ImageObject","@id":"\/logo.png","url":"\/logo.png","width":600,"height":60}},"image":{"@type":"ImageObject","@id":"https:\/\/www.uvis.cz\/wp-content\/uploads\/img_a359048_w1763_t1573199159.jpg","url":"https:\/\/www.uvis.cz\/wp-content\/uploads\/img_a359048_w1763_t1573199159.jpg","height":0,"width":0},"keywords":null},{"@type":"Article","@id":"https:\/\/www.uvis.cz\/mobilheimy-jsou-tu-pro-vase-velke-sny\/","headline":"Mobilheimy jsou tu pro va\u0161e velk\u00e9 sny!","url":"https:\/\/www.uvis.cz\/mobilheimy-jsou-tu-pro-vase-velke-sny\/","datePublished":"2019-09-22","dateModified":"2023-04-28","mainEntityOfPage":"https:\/\/www.uvis.cz\/mobilheimy-jsou-tu-pro-vase-velke-sny\/","author":{"@type":"Person","@id":"https:\/\/www.uvis.cz\/author\/#Person","name":"uvis.cz\n","url":"https:\/\/www.uvis.cz\/author\/","identifier":1,"image":{"@type":"ImageObject","@id":"https:\/\/secure.gravatar.com\/avatar\/232437c79d6ebbb41eb67b1526ce0bc08ee5047d6b1594dc05abcc3258d8e0b3?s=96&d=mm&r=g","url":"https:\/\/secure.gravatar.com\/avatar\/232437c79d6ebbb41eb67b1526ce0bc08ee5047d6b1594dc05abcc3258d8e0b3?s=96&d=mm&r=g","height":96,"width":96}},"publisher":{"@type":"Organization","name":"uvis.cz","logo":{"@type":"ImageObject","@id":"\/logo.png","url":"\/logo.png","width":600,"height":60}},"image":{"@type":"ImageObject","@id":"https:\/\/www.uvis.cz\/wp-content\/uploads\/img_a363175_w1763_t1575981815.jpg","url":"https:\/\/www.uvis.cz\/wp-content\/uploads\/img_a363175_w1763_t1575981815.jpg","height":0,"width":0},"keywords":null},{"@type":"Article","@id":"https:\/\/www.uvis.cz\/stop-zanetum-a-pronikavym-bolestem\/","headline":"Stop z\u00e1n\u011bt\u016fm a pronikav\u00fdm bolestem","url":"https:\/\/www.uvis.cz\/stop-zanetum-a-pronikavym-bolestem\/","datePublished":"2019-09-02","dateModified":"2023-09-07","mainEntityOfPage":"https:\/\/www.uvis.cz\/stop-zanetum-a-pronikavym-bolestem\/","author":{"@type":"Person","@id":"https:\/\/www.uvis.cz\/author\/#Person","name":"uvis.cz\n","url":"https:\/\/www.uvis.cz\/author\/","identifier":1,"image":{"@type":"ImageObject","@id":"https:\/\/secure.gravatar.com\/avatar\/232437c79d6ebbb41eb67b1526ce0bc08ee5047d6b1594dc05abcc3258d8e0b3?s=96&d=mm&r=g","url":"https:\/\/secure.gravatar.com\/avatar\/232437c79d6ebbb41eb67b1526ce0bc08ee5047d6b1594dc05abcc3258d8e0b3?s=96&d=mm&r=g","height":96,"width":96}},"publisher":{"@type":"Organization","name":"uvis.cz","logo":{"@type":"ImageObject","@id":"\/logo.png","url":"\/logo.png","width":600,"height":60}},"image":{"@type":"ImageObject","@id":"https:\/\/www.uvis.cz\/wp-content\/uploads\/img_a356921_w1763_t1571644437.jpg","url":"https:\/\/www.uvis.cz\/wp-content\/uploads\/img_a356921_w1763_t1571644437.jpg","height":0,"width":0},"keywords":null},{"@type":"Article","@id":"https:\/\/www.uvis.cz\/kdyz-je-neco-treba-poslat-klasicky\/","headline":"Kdy\u017e je n\u011bco t\u0159eba poslat klasicky","url":"https:\/\/www.uvis.cz\/kdyz-je-neco-treba-poslat-klasicky\/","datePublished":"2019-08-27","dateModified":"2023-04-28","mainEntityOfPage":"https:\/\/www.uvis.cz\/kdyz-je-neco-treba-poslat-klasicky\/","author":{"@type":"Person","@id":"https:\/\/www.uvis.cz\/author\/#Person","name":"uvis.cz\n","url":"https:\/\/www.uvis.cz\/author\/","identifier":1,"image":{"@type":"ImageObject","@id":"https:\/\/secure.gravatar.com\/avatar\/232437c79d6ebbb41eb67b1526ce0bc08ee5047d6b1594dc05abcc3258d8e0b3?s=96&d=mm&r=g","url":"https:\/\/secure.gravatar.com\/avatar\/232437c79d6ebbb41eb67b1526ce0bc08ee5047d6b1594dc05abcc3258d8e0b3?s=96&d=mm&r=g","height":96,"width":96}},"publisher":{"@type":"Organization","name":"uvis.cz","logo":{"@type":"ImageObject","@id":"\/logo.png","url":"\/logo.png","width":600,"height":60}},"image":{"@type":"ImageObject","@id":"https:\/\/www.uvis.cz\/wp-content\/uploads\/img_a357208_w1763_t1571822297.jpg","url":"https:\/\/www.uvis.cz\/wp-content\/uploads\/img_a357208_w1763_t1571822297.jpg","height":0,"width":0},"keywords":null},{"@type":"Article","@id":"https:\/\/www.uvis.cz\/zhubnete-pomoci-proteinove-diety\/","headline":"Zhubn\u011bte pomoc\u00ed proteinov\u00e9 diety","url":"https:\/\/www.uvis.cz\/zhubnete-pomoci-proteinove-diety\/","datePublished":"2019-08-22","dateModified":"2023-04-28","mainEntityOfPage":"https:\/\/www.uvis.cz\/zhubnete-pomoci-proteinove-diety\/","author":{"@type":"Person","@id":"https:\/\/www.uvis.cz\/author\/#Person","name":"uvis.cz\n","url":"https:\/\/www.uvis.cz\/author\/","identifier":1,"image":{"@type":"ImageObject","@id":"https:\/\/secure.gravatar.com\/avatar\/232437c79d6ebbb41eb67b1526ce0bc08ee5047d6b1594dc05abcc3258d8e0b3?s=96&d=mm&r=g","url":"https:\/\/secure.gravatar.com\/avatar\/232437c79d6ebbb41eb67b1526ce0bc08ee5047d6b1594dc05abcc3258d8e0b3?s=96&d=mm&r=g","height":96,"width":96}},"publisher":{"@type":"Organization","name":"uvis.cz","logo":{"@type":"ImageObject","@id":"\/logo.png","url":"\/logo.png","width":600,"height":60}},"image":{"@type":"ImageObject","@id":"https:\/\/www.uvis.cz\/wp-content\/uploads\/img_a358678_w1763_t1572974775.jpg","url":"https:\/\/www.uvis.cz\/wp-content\/uploads\/img_a358678_w1763_t1572974775.jpg","height":0,"width":0},"keywords":null},{"@type":"Article","@id":"https:\/\/www.uvis.cz\/skvely-prostredek-pro-zhubnuti\/","headline":"Skv\u011bl\u00fd prost\u0159edek pro zhubnut\u00ed","url":"https:\/\/www.uvis.cz\/skvely-prostredek-pro-zhubnuti\/","datePublished":"2019-08-22","dateModified":"2023-04-28","mainEntityOfPage":"https:\/\/www.uvis.cz\/skvely-prostredek-pro-zhubnuti\/","author":{"@type":"Person","@id":"https:\/\/www.uvis.cz\/author\/#Person","name":"uvis.cz\n","url":"https:\/\/www.uvis.cz\/author\/","identifier":1,"image":{"@type":"ImageObject","@id":"https:\/\/secure.gravatar.com\/avatar\/232437c79d6ebbb41eb67b1526ce0bc08ee5047d6b1594dc05abcc3258d8e0b3?s=96&d=mm&r=g","url":"https:\/\/secure.gravatar.com\/avatar\/232437c79d6ebbb41eb67b1526ce0bc08ee5047d6b1594dc05abcc3258d8e0b3?s=96&d=mm&r=g","height":96,"width":96}},"publisher":{"@type":"Organization","name":"uvis.cz","logo":{"@type":"ImageObject","@id":"\/logo.png","url":"\/logo.png","width":600,"height":60}},"image":{"@type":"ImageObject","@id":"https:\/\/www.uvis.cz\/wp-content\/uploads\/img_a358228_w1763_t1572450496.jpg","url":"https:\/\/www.uvis.cz\/wp-content\/uploads\/img_a358228_w1763_t1572450496.jpg","height":0,"width":0},"keywords":null},{"@type":"Article","@id":"https:\/\/www.uvis.cz\/tepelne-osetreni-palet\/","headline":"Tepeln\u00e9 o\u0161et\u0159en\u00ed palet","url":"https:\/\/www.uvis.cz\/tepelne-osetreni-palet\/","datePublished":"2019-08-21","dateModified":"2024-04-19","mainEntityOfPage":"https:\/\/www.uvis.cz\/tepelne-osetreni-palet\/","author":{"@type":"Person","@id":"https:\/\/www.uvis.cz\/author\/#Person","name":"uvis.cz\n","url":"https:\/\/www.uvis.cz\/author\/","identifier":1,"image":{"@type":"ImageObject","@id":"https:\/\/secure.gravatar.com\/avatar\/232437c79d6ebbb41eb67b1526ce0bc08ee5047d6b1594dc05abcc3258d8e0b3?s=96&d=mm&r=g","url":"https:\/\/secure.gravatar.com\/avatar\/232437c79d6ebbb41eb67b1526ce0bc08ee5047d6b1594dc05abcc3258d8e0b3?s=96&d=mm&r=g","height":96,"width":96}},"publisher":{"@type":"Organization","name":"uvis.cz","logo":{"@type":"ImageObject","@id":"\/logo.png","url":"\/logo.png","width":600,"height":60}},"image":{"@type":"ImageObject","@id":"https:\/\/www.uvis.cz\/wp-content\/uploads\/img_a357375_w1763_t1571914156.jpg","url":"https:\/\/www.uvis.cz\/wp-content\/uploads\/img_a357375_w1763_t1571914156.jpg","height":0,"width":0},"keywords":null},{"@type":"Article","@id":"https:\/\/www.uvis.cz\/levne-ubytovani-v-praze-muzete-spojit-s-projizdkou-historickou-tramvaji\/","headline":"Levn\u00e9 ubytov\u00e1n\u00ed v Praze m\u016f\u017eete spojit s proj\u00ed\u017e\u010fkou historickou tramvaj\u00ed","url":"https:\/\/www.uvis.cz\/levne-ubytovani-v-praze-muzete-spojit-s-projizdkou-historickou-tramvaji\/","datePublished":"2019-08-21","dateModified":"2023-04-28","mainEntityOfPage":"https:\/\/www.uvis.cz\/levne-ubytovani-v-praze-muzete-spojit-s-projizdkou-historickou-tramvaji\/","author":{"@type":"Person","@id":"https:\/\/www.uvis.cz\/author\/#Person","name":"uvis.cz\n","url":"https:\/\/www.uvis.cz\/author\/","identifier":1,"image":{"@type":"ImageObject","@id":"https:\/\/secure.gravatar.com\/avatar\/232437c79d6ebbb41eb67b1526ce0bc08ee5047d6b1594dc05abcc3258d8e0b3?s=96&d=mm&r=g","url":"https:\/\/secure.gravatar.com\/avatar\/232437c79d6ebbb41eb67b1526ce0bc08ee5047d6b1594dc05abcc3258d8e0b3?s=96&d=mm&r=g","height":96,"width":96}},"publisher":{"@type":"Organization","name":"uvis.cz","logo":{"@type":"ImageObject","@id":"\/logo.png","url":"\/logo.png","width":600,"height":60}},"image":{"@type":"ImageObject","@id":"https:\/\/www.uvis.cz\/wp-content\/uploads\/img_a364107_w1763_t1576761610.jpg","url":"https:\/\/www.uvis.cz\/wp-content\/uploads\/img_a364107_w1763_t1576761610.jpg","height":0,"width":0},"keywords":null},{"@type":"Article","@id":"https:\/\/www.uvis.cz\/zakladem-vaseho-celodenniho-pohodli-je-spravny-vyber-pradla\/","headline":"Z\u00e1kladem va\u0161eho celodenn\u00edho pohodl\u00ed je spr\u00e1vn\u00fd v\u00fdb\u011br pr\u00e1dla","url":"https:\/\/www.uvis.cz\/zakladem-vaseho-celodenniho-pohodli-je-spravny-vyber-pradla\/","datePublished":"2019-08-19","dateModified":"2023-04-28","mainEntityOfPage":"https:\/\/www.uvis.cz\/zakladem-vaseho-celodenniho-pohodli-je-spravny-vyber-pradla\/","author":{"@type":"Person","@id":"https:\/\/www.uvis.cz\/author\/#Person","name":"uvis.cz\n","url":"https:\/\/www.uvis.cz\/author\/","identifier":1,"image":{"@type":"ImageObject","@id":"https:\/\/secure.gravatar.com\/avatar\/232437c79d6ebbb41eb67b1526ce0bc08ee5047d6b1594dc05abcc3258d8e0b3?s=96&d=mm&r=g","url":"https:\/\/secure.gravatar.com\/avatar\/232437c79d6ebbb41eb67b1526ce0bc08ee5047d6b1594dc05abcc3258d8e0b3?s=96&d=mm&r=g","height":96,"width":96}},"publisher":{"@type":"Organization","name":"uvis.cz","logo":{"@type":"ImageObject","@id":"\/logo.png","url":"\/logo.png","width":600,"height":60}},"image":{"@type":"ImageObject","@id":"https:\/\/www.uvis.cz\/wp-content\/uploads\/img_a357356_w1763_t1571912020.jpg","url":"https:\/\/www.uvis.cz\/wp-content\/uploads\/img_a357356_w1763_t1571912020.jpg","height":0,"width":0},"keywords":null},{"@type":"Article","@id":"https:\/\/www.uvis.cz\/zachrana-jmenem-elektrocentrala\/","headline":"Z\u00e1chrana jm\u00e9nem elektrocentr\u00e1la","url":"https:\/\/www.uvis.cz\/zachrana-jmenem-elektrocentrala\/","datePublished":"2019-08-17","dateModified":"2023-04-28","mainEntityOfPage":"https:\/\/www.uvis.cz\/zachrana-jmenem-elektrocentrala\/","author":{"@type":"Person","@id":"https:\/\/www.uvis.cz\/author\/#Person","name":"uvis.cz\n","url":"https:\/\/www.uvis.cz\/author\/","identifier":1,"image":{"@type":"ImageObject","@id":"https:\/\/secure.gravatar.com\/avatar\/232437c79d6ebbb41eb67b1526ce0bc08ee5047d6b1594dc05abcc3258d8e0b3?s=96&d=mm&r=g","url":"https:\/\/secure.gravatar.com\/avatar\/232437c79d6ebbb41eb67b1526ce0bc08ee5047d6b1594dc05abcc3258d8e0b3?s=96&d=mm&r=g","height":96,"width":96}},"publisher":{"@type":"Organization","name":"uvis.cz","logo":{"@type":"ImageObject","@id":"\/logo.png","url":"\/logo.png","width":600,"height":60}},"image":{"@type":"ImageObject","@id":"https:\/\/www.uvis.cz\/wp-content\/uploads\/img_a353808_w1763_t1568280485.jpg","url":"https:\/\/www.uvis.cz\/wp-content\/uploads\/img_a353808_w1763_t1568280485.jpg","height":0,"width":0},"keywords":null}]}