{"@context":"https:\/\/schema.org\/","@type":"CollectionPage","@id":"https:\/\/www.uvis.cz\/nakupy\/#CollectionPage","headline":"N\u00e1kupy Category","description":"","url":"https:\/\/www.uvis.cz\/nakupy\/","hasPart":[{"@type":"Article","@id":"https:\/\/www.uvis.cz\/pece-o-vas-bazen-se-vam-vyplati\/","headline":"P\u00e9\u010de o v\u00e1\u0161 baz\u00e9n se v\u00e1m vyplat\u00ed","url":"https:\/\/www.uvis.cz\/pece-o-vas-bazen-se-vam-vyplati\/","datePublished":"2018-11-03","dateModified":"2023-04-28","mainEntityOfPage":"https:\/\/www.uvis.cz\/pece-o-vas-bazen-se-vam-vyplati\/","author":{"@type":"Person","@id":"https:\/\/www.uvis.cz\/author\/#Person","name":"uvis.cz\n","url":"https:\/\/www.uvis.cz\/author\/","identifier":1,"image":{"@type":"ImageObject","@id":"https:\/\/secure.gravatar.com\/avatar\/232437c79d6ebbb41eb67b1526ce0bc08ee5047d6b1594dc05abcc3258d8e0b3?s=96&d=mm&r=g","url":"https:\/\/secure.gravatar.com\/avatar\/232437c79d6ebbb41eb67b1526ce0bc08ee5047d6b1594dc05abcc3258d8e0b3?s=96&d=mm&r=g","height":96,"width":96}},"publisher":{"@type":"Organization","name":"uvis.cz","logo":{"@type":"ImageObject","@id":"\/logo.png","url":"\/logo.png","width":600,"height":60}},"image":{"@type":"ImageObject","@id":"https:\/\/www.uvis.cz\/wp-content\/uploads\/img_a331701_w1743_t1544275222.jpg","url":"https:\/\/www.uvis.cz\/wp-content\/uploads\/img_a331701_w1743_t1544275222.jpg","height":0,"width":0},"keywords":null},{"@type":"Article","@id":"https:\/\/www.uvis.cz\/rucne-tkane-perske-koberce-okouzli-a-vydrzi\/","headline":"Ru\u010dn\u011b tkan\u00e9 persk\u00e9 koberce, okouzl\u00ed a vydr\u017e\u00ed","url":"https:\/\/www.uvis.cz\/rucne-tkane-perske-koberce-okouzli-a-vydrzi\/","datePublished":"2018-06-09","dateModified":"2023-04-28","mainEntityOfPage":"https:\/\/www.uvis.cz\/rucne-tkane-perske-koberce-okouzli-a-vydrzi\/","author":{"@type":"Person","@id":"https:\/\/www.uvis.cz\/author\/#Person","name":"uvis.cz\n","url":"https:\/\/www.uvis.cz\/author\/","identifier":1,"image":{"@type":"ImageObject","@id":"https:\/\/secure.gravatar.com\/avatar\/232437c79d6ebbb41eb67b1526ce0bc08ee5047d6b1594dc05abcc3258d8e0b3?s=96&d=mm&r=g","url":"https:\/\/secure.gravatar.com\/avatar\/232437c79d6ebbb41eb67b1526ce0bc08ee5047d6b1594dc05abcc3258d8e0b3?s=96&d=mm&r=g","height":96,"width":96}},"publisher":{"@type":"Organization","name":"uvis.cz","logo":{"@type":"ImageObject","@id":"\/logo.png","url":"\/logo.png","width":600,"height":60}},"image":{"@type":"ImageObject","@id":"https:\/\/www.uvis.cz\/wp-content\/uploads\/img_a321019_w1763_t1532205073.jpg","url":"https:\/\/www.uvis.cz\/wp-content\/uploads\/img_a321019_w1763_t1532205073.jpg","height":0,"width":0},"keywords":null},{"@type":"Article","@id":"https:\/\/www.uvis.cz\/uvb-kompaktni-zarivky-a-vybojky-jako-zdroj-osvetleni-teraria\/","headline":"UVB kompaktn\u00ed z\u00e1\u0159ivky a v\u00fdbojky jako zdroj osv\u011btlen\u00ed ter\u00e1ria","url":"https:\/\/www.uvis.cz\/uvb-kompaktni-zarivky-a-vybojky-jako-zdroj-osvetleni-teraria\/","datePublished":"2018-04-25","dateModified":"2023-04-28","mainEntityOfPage":"https:\/\/www.uvis.cz\/uvb-kompaktni-zarivky-a-vybojky-jako-zdroj-osvetleni-teraria\/","author":{"@type":"Person","@id":"https:\/\/www.uvis.cz\/author\/#Person","name":"uvis.cz\n","url":"https:\/\/www.uvis.cz\/author\/","identifier":1,"image":{"@type":"ImageObject","@id":"https:\/\/secure.gravatar.com\/avatar\/232437c79d6ebbb41eb67b1526ce0bc08ee5047d6b1594dc05abcc3258d8e0b3?s=96&d=mm&r=g","url":"https:\/\/secure.gravatar.com\/avatar\/232437c79d6ebbb41eb67b1526ce0bc08ee5047d6b1594dc05abcc3258d8e0b3?s=96&d=mm&r=g","height":96,"width":96}},"publisher":{"@type":"Organization","name":"uvis.cz","logo":{"@type":"ImageObject","@id":"\/logo.png","url":"\/logo.png","width":600,"height":60}},"image":{"@type":"ImageObject","@id":"https:\/\/www.uvis.cz\/wp-content\/uploads\/img_a315676_w1969_t1526544751.jpg","url":"https:\/\/www.uvis.cz\/wp-content\/uploads\/img_a315676_w1969_t1526544751.jpg","height":0,"width":0},"keywords":null},{"@type":"Article","@id":"https:\/\/www.uvis.cz\/obyvaci-pokoj-dle-nasich-predstav\/","headline":"Ob\u00fdvac\u00ed pokoj dle na\u0161ich p\u0159edstav","url":"https:\/\/www.uvis.cz\/obyvaci-pokoj-dle-nasich-predstav\/","datePublished":"2017-09-22","dateModified":"2023-04-28","mainEntityOfPage":"https:\/\/www.uvis.cz\/obyvaci-pokoj-dle-nasich-predstav\/","author":{"@type":"Person","@id":"https:\/\/www.uvis.cz\/author\/#Person","name":"uvis.cz\n","url":"https:\/\/www.uvis.cz\/author\/","identifier":1,"image":{"@type":"ImageObject","@id":"https:\/\/secure.gravatar.com\/avatar\/232437c79d6ebbb41eb67b1526ce0bc08ee5047d6b1594dc05abcc3258d8e0b3?s=96&d=mm&r=g","url":"https:\/\/secure.gravatar.com\/avatar\/232437c79d6ebbb41eb67b1526ce0bc08ee5047d6b1594dc05abcc3258d8e0b3?s=96&d=mm&r=g","height":96,"width":96}},"publisher":{"@type":"Organization","name":"uvis.cz","logo":{"@type":"ImageObject","@id":"\/logo.png","url":"\/logo.png","width":600,"height":60}},"image":{"@type":"ImageObject","@id":"https:\/\/www.uvis.cz\/wp-content\/uploads\/img_a299220_w2370_t1509352885.jpg","url":"https:\/\/www.uvis.cz\/wp-content\/uploads\/img_a299220_w2370_t1509352885.jpg","height":0,"width":0},"keywords":null},{"@type":"Article","@id":"https:\/\/www.uvis.cz\/uzijte-si-spolecne-chvile\/","headline":"U\u017eijte si spole\u010dn\u00e9 chv\u00edle","url":"https:\/\/www.uvis.cz\/uzijte-si-spolecne-chvile\/","datePublished":"2017-09-18","dateModified":"2023-05-22","mainEntityOfPage":"https:\/\/www.uvis.cz\/uzijte-si-spolecne-chvile\/","author":{"@type":"Person","@id":"https:\/\/www.uvis.cz\/author\/#Person","name":"uvis.cz\n","url":"https:\/\/www.uvis.cz\/author\/","identifier":1,"image":{"@type":"ImageObject","@id":"https:\/\/secure.gravatar.com\/avatar\/232437c79d6ebbb41eb67b1526ce0bc08ee5047d6b1594dc05abcc3258d8e0b3?s=96&d=mm&r=g","url":"https:\/\/secure.gravatar.com\/avatar\/232437c79d6ebbb41eb67b1526ce0bc08ee5047d6b1594dc05abcc3258d8e0b3?s=96&d=mm&r=g","height":96,"width":96}},"publisher":{"@type":"Organization","name":"uvis.cz","logo":{"@type":"ImageObject","@id":"\/logo.png","url":"\/logo.png","width":600,"height":60}},"image":{"@type":"ImageObject","@id":"https:\/\/www.uvis.cz\/wp-content\/uploads\/img_a296624_w1763_t1507618258.jpg","url":"https:\/\/www.uvis.cz\/wp-content\/uploads\/img_a296624_w1763_t1507618258.jpg","height":0,"width":0},"keywords":null},{"@type":"Article","@id":"https:\/\/www.uvis.cz\/plsteni-konicek-ktery-vas-zajiste-pohlti\/","headline":"Plst\u011bn\u00ed, kon\u00ed\u010dek, kter\u00fd v\u00e1s zajist\u00e9 pohlt\u00ed","url":"https:\/\/www.uvis.cz\/plsteni-konicek-ktery-vas-zajiste-pohlti\/","datePublished":"2017-07-23","dateModified":"2024-06-05","mainEntityOfPage":"https:\/\/www.uvis.cz\/plsteni-konicek-ktery-vas-zajiste-pohlti\/","author":{"@type":"Person","@id":"https:\/\/www.uvis.cz\/author\/#Person","name":"uvis.cz\n","url":"https:\/\/www.uvis.cz\/author\/","identifier":1,"image":{"@type":"ImageObject","@id":"https:\/\/secure.gravatar.com\/avatar\/232437c79d6ebbb41eb67b1526ce0bc08ee5047d6b1594dc05abcc3258d8e0b3?s=96&d=mm&r=g","url":"https:\/\/secure.gravatar.com\/avatar\/232437c79d6ebbb41eb67b1526ce0bc08ee5047d6b1594dc05abcc3258d8e0b3?s=96&d=mm&r=g","height":96,"width":96}},"publisher":{"@type":"Organization","name":"uvis.cz","logo":{"@type":"ImageObject","@id":"\/logo.png","url":"\/logo.png","width":600,"height":60}},"image":{"@type":"ImageObject","@id":"https:\/\/www.uvis.cz\/wp-content\/uploads\/img_a293369_w1763_t1505717451.jpg","url":"https:\/\/www.uvis.cz\/wp-content\/uploads\/img_a293369_w1763_t1505717451.jpg","height":0,"width":0},"keywords":null},{"@type":"Article","@id":"https:\/\/www.uvis.cz\/pro-rehabilitaci-aerobni-trenink-trenink-vsech-svalovych-skupin\/","headline":"Pro rehabilitaci, aerobn\u00ed tr\u00e9nink, tr\u00e9nink v\u0161ech svalov\u00fdch skupin","url":"https:\/\/www.uvis.cz\/pro-rehabilitaci-aerobni-trenink-trenink-vsech-svalovych-skupin\/","datePublished":"2017-06-26","dateModified":"2023-04-28","mainEntityOfPage":"https:\/\/www.uvis.cz\/pro-rehabilitaci-aerobni-trenink-trenink-vsech-svalovych-skupin\/","author":{"@type":"Person","@id":"https:\/\/www.uvis.cz\/author\/#Person","name":"uvis.cz\n","url":"https:\/\/www.uvis.cz\/author\/","identifier":1,"image":{"@type":"ImageObject","@id":"https:\/\/secure.gravatar.com\/avatar\/232437c79d6ebbb41eb67b1526ce0bc08ee5047d6b1594dc05abcc3258d8e0b3?s=96&d=mm&r=g","url":"https:\/\/secure.gravatar.com\/avatar\/232437c79d6ebbb41eb67b1526ce0bc08ee5047d6b1594dc05abcc3258d8e0b3?s=96&d=mm&r=g","height":96,"width":96}},"publisher":{"@type":"Organization","name":"uvis.cz","logo":{"@type":"ImageObject","@id":"\/logo.png","url":"\/logo.png","width":600,"height":60}},"image":{"@type":"ImageObject","@id":"https:\/\/www.uvis.cz\/wp-content\/uploads\/img_a289444_w1763_t1500888893.jpg","url":"https:\/\/www.uvis.cz\/wp-content\/uploads\/img_a289444_w1763_t1500888893.jpg","height":0,"width":0},"keywords":null},{"@type":"Article","@id":"https:\/\/www.uvis.cz\/zabavte-sve-ratolesti-netradicnim-pohybem\/","headline":"Zabavte sv\u00e9 ratolesti netradi\u010dn\u00edm pohybem","url":"https:\/\/www.uvis.cz\/zabavte-sve-ratolesti-netradicnim-pohybem\/","datePublished":"2017-04-14","dateModified":"2023-04-28","mainEntityOfPage":"https:\/\/www.uvis.cz\/zabavte-sve-ratolesti-netradicnim-pohybem\/","author":{"@type":"Person","@id":"https:\/\/www.uvis.cz\/author\/#Person","name":"uvis.cz\n","url":"https:\/\/www.uvis.cz\/author\/","identifier":1,"image":{"@type":"ImageObject","@id":"https:\/\/secure.gravatar.com\/avatar\/232437c79d6ebbb41eb67b1526ce0bc08ee5047d6b1594dc05abcc3258d8e0b3?s=96&d=mm&r=g","url":"https:\/\/secure.gravatar.com\/avatar\/232437c79d6ebbb41eb67b1526ce0bc08ee5047d6b1594dc05abcc3258d8e0b3?s=96&d=mm&r=g","height":96,"width":96}},"publisher":{"@type":"Organization","name":"uvis.cz","logo":{"@type":"ImageObject","@id":"\/logo.png","url":"\/logo.png","width":600,"height":60}},"image":{"@type":"ImageObject","@id":"https:\/\/www.uvis.cz\/wp-content\/uploads\/img_a286913_w1763_t1497199894.jpg","url":"https:\/\/www.uvis.cz\/wp-content\/uploads\/img_a286913_w1763_t1497199894.jpg","height":0,"width":0},"keywords":null}]}