[{"@context":"https:\/\/schema.org\/","@type":"Article","@id":"https:\/\/www.uvis.cz\/nejlepsi-darky-pod-letosni-stromecek\/#Article","mainEntityOfPage":"https:\/\/www.uvis.cz\/nejlepsi-darky-pod-letosni-stromecek\/","headline":"Nejlep\u0161\u00ed d\u00e1rky pod leto\u0161n\u00ed strome\u010dek","name":"Nejlep\u0161\u00ed d\u00e1rky pod leto\u0161n\u00ed strome\u010dek","description":"Onen den se kvapem bl\u00ed\u017e\u00ed a a\u010d se v\u0161ichni m\u016f\u017eeme tv\u00e1\u0159it, \u017ee se t\u011b\u0161\u00edme na spole\u010dn\u011b str\u00e1ven\u00fd \u010das a v\u00fdborn\u00e9 s l\u00e1skou va\u0159en\u00e9 j\u00eddlo, t\u011b\u0161\u00edme se tak\u00e9 na ono tajemn\u00e9 rozbalov\u00e1n\u00ed d\u00e1re\u010dk\u016f. Plni o\u010dek\u00e1v\u00e1n\u00ed v\u0161ak m\u016f\u017eeme b\u00fdt rychle zklaman\u00ed dal\u0161\u00edm bal\u00ed\u010dkem pono\u017eek nebo sprchov\u00e9ho gelu. Aby se v\u00e1m tohle nestalo, m\u016f\u017eete darovat n\u011bco netradi\u010dn\u00edho, u\u017eite\u010dn\u00e9ho [&hellip;]","datePublished":"2019-08-01","dateModified":"2023-04-28","author":{"@type":"Person","@id":"https:\/\/www.uvis.cz\/author\/#Person","name":"uvis.cz\n","url":"https:\/\/www.uvis.cz\/author\/","identifier":1,"image":{"@type":"ImageObject","@id":"https:\/\/secure.gravatar.com\/avatar\/232437c79d6ebbb41eb67b1526ce0bc08ee5047d6b1594dc05abcc3258d8e0b3?s=96&d=mm&r=g","url":"https:\/\/secure.gravatar.com\/avatar\/232437c79d6ebbb41eb67b1526ce0bc08ee5047d6b1594dc05abcc3258d8e0b3?s=96&d=mm&r=g","height":96,"width":96}},"publisher":{"@type":"Organization","name":"uvis.cz","logo":{"@type":"ImageObject","@id":"\/logo.png","url":"\/logo.png","width":600,"height":60}},"image":{"@type":"ImageObject","@id":"https:\/\/www.uvis.cz\/wp-content\/uploads\/img_a358536_w1763_t1572939088.jpg","url":"https:\/\/www.uvis.cz\/wp-content\/uploads\/img_a358536_w1763_t1572939088.jpg","height":0,"width":0},"url":"https:\/\/www.uvis.cz\/nejlepsi-darky-pod-letosni-stromecek\/","about":["Cestov\u00e1n\u00ed"],"wordCount":398,"articleBody":"      Onen den se kvapem bl\u00ed\u017e\u00ed a a\u010d se v\u0161ichni m\u016f\u017eeme tv\u00e1\u0159it, \u017ee se t\u011b\u0161\u00edme na spole\u010dn\u011b str\u00e1ven\u00fd \u010das a v\u00fdborn\u00e9 s l\u00e1skou va\u0159en\u00e9 j\u00eddlo, t\u011b\u0161\u00edme se tak\u00e9 na ono tajemn\u00e9 rozbalov\u00e1n\u00ed d\u00e1re\u010dk\u016f. Plni o\u010dek\u00e1v\u00e1n\u00ed v\u0161ak m\u016f\u017eeme b\u00fdt rychle zklaman\u00ed dal\u0161\u00edm bal\u00ed\u010dkem pono\u017eek nebo sprchov\u00e9ho gelu. Aby se v\u00e1m tohle nestalo, m\u016f\u017eete darovat n\u011bco netradi\u010dn\u00edho, u\u017eite\u010dn\u00e9ho i z\u00e1bavn\u00e9ho!   Pouk\u00e1zky Nezn\u00e1m nikoho, koho by tahle kategorie nepot\u011b\u0161ila. Mo\u017enost\u00ed je mnoho, dnes u\u017e poukazy poskytuje skoro ka\u017ed\u00fd obchod. M\u016f\u017eete tedy babi\u010dce p\u0159edplatit n\u00e1kup v obl\u00edben\u00e9m supermarketu, mamince zase v obchod\u011b s netradi\u010dn\u00edmi potravinami, tak\u017ee v \u00favahu p\u0159ipad\u00e1 zdrav\u00e1 v\u00fd\u017eiva nebo bezobalov\u00e1 prodejna. Kamar\u00e1dky ur\u010dit\u011b pot\u011b\u0161\u00ed n\u00e1kup v obchod\u011b s m\u00f3dou. Rodi\u010de zase spole\u010dn\u00e1 dovolen\u00e1 nebo v\u00edkendov\u00fd wellness pobyt nebo l\u00edstky na koncert \u010di do divadla. Pot\u00e9 je tu speci\u00e1ln\u00ed kategorie z\u00e1\u017eitkov\u00fdch poukaz\u016f. M\u016f\u017ee se jednat o lety bal\u00f3nem, letadlem nebo pro tat\u00ednky nap\u0159\u00edklad j\u00edzdou ve vysn\u011bn\u00e9m aut\u011b. V\u00fdbornou mo\u017enost\u00ed je tak\u00e9 d\u00e1rkov\u00fd voucher do Jump Parku , kde si na sv\u00e9 p\u0159ijdou jak d\u011bti, tak dosp\u011bl\u00ed. V Brn\u011bnsk\u00e9 pobo\u010dce se nach\u00e1z\u00ed sedm r\u016fzn\u00fdch atrakc\u00ed a zask\u00e1kat si m\u016f\u017eete u\u017e od 199 korun za hodinu. Lze v\u0161ak po\u0159\u00eddit tak\u00e9 rodinn\u00e9 vstupn\u00e9 a pro nad\u0161ence permanentka s 10 vstupy nebo sk\u00e1k\u00e1n\u00ed s tren\u00e9rem. Nejlep\u0161\u00ed na tom je, \u017ee platnost voucheru nen\u00ed omezen\u00e1, n\u00e1vrat do d\u011btsk\u00fdch let je tedy za rohem!   Hmotn\u00e9 d\u00e1rky Velmi se te\u010f mluv\u00ed o eliminaci odpadu jako z\u00e1chran\u011b planety, proto jsou vhodn\u00fdm d\u00e1rkem nap\u0159\u00edklad i pl\u00e1t\u011bn\u00e9 pytl\u00ed\u010dky na potraviny nebo nerezov\u00e1 br\u010dka s kart\u00e1\u010dkem. Pro babi\u010dky pak ur\u010dit\u011b bude i personalizovan\u00fd kalend\u00e1\u0159 s fotkami vnou\u010d\u00e1tek a s pozn\u00e1mkami o tom, kdo m\u00e1 kdy narozeniny. D\u011bde\u010dky zase m\u016f\u017ee pot\u011b\u0161it kn\u00ed\u017eka nebo toaletn\u00ed pap\u00edr s vtipy. A\u0165 u\u017e po\u0159\u00edd\u00edte sv\u00e9mu p\u0159\u00edbuzenstvu cokoli, nezapome\u0148te v tuhle dobu pot\u011b\u0161it tak\u00e9 sebe!                                                                                                                                                                                                                                                                                                                                                                                                  "},{"@context":"https:\/\/schema.org\/","@type":"BreadcrumbList","itemListElement":[{"@type":"ListItem","position":1,"name":"Nejlep\u0161\u00ed d\u00e1rky pod leto\u0161n\u00ed strome\u010dek","item":"https:\/\/www.uvis.cz\/nejlepsi-darky-pod-letosni-stromecek\/#breadcrumbitem"}]}]