[{"@context":"https:\/\/schema.org\/","@type":"Article","@id":"https:\/\/www.uvis.cz\/nestaci-jenom-otevrit-a-zavrit\/#Article","mainEntityOfPage":"https:\/\/www.uvis.cz\/nestaci-jenom-otevrit-a-zavrit\/","headline":"Nesta\u010d\u00ed jenom otev\u0159\u00edt a zav\u0159\u00edt","name":"Nesta\u010d\u00ed jenom otev\u0159\u00edt a zav\u0159\u00edt","description":"Zcela b\u011b\u017en\u00e1 sou\u010d\u00e1st ka\u017ed\u00e9 dom\u00e1cnosti, nad kterou se mo\u017en\u00e1 mnoho lid\u00ed nijak zvl\u00e1\u0161\u0165 ani nepozastav\u00ed. Takov\u00e9 jsou dve\u0159e, bez kter\u00fdch bychom ov\u0161em nemohli fungovat. Poskytuj\u00ed n\u00e1m prostor pro soukrom\u00ed, p\u0159edch\u00e1z\u00ed \u00faniku tepla nebo naopak slou\u017e\u00ed k v\u011btr\u00e1n\u00ed m\u00edstnosti, zabra\u0148uj\u00ed pronik\u00e1n\u00ed hluku a v neposledn\u00ed \u0159ad\u011b maj\u00ed b\u00fdt i designov\u00fdm dopl\u0148kem, kter\u00fd m\u00e1 zdobit a sou\u010dasn\u011b [&hellip;]","datePublished":"2019-01-08","dateModified":"2023-04-28","author":{"@type":"Person","@id":"https:\/\/www.uvis.cz\/author\/#Person","name":"uvis.cz\n","url":"https:\/\/www.uvis.cz\/author\/","identifier":1,"image":{"@type":"ImageObject","@id":"https:\/\/secure.gravatar.com\/avatar\/232437c79d6ebbb41eb67b1526ce0bc08ee5047d6b1594dc05abcc3258d8e0b3?s=96&d=mm&r=g","url":"https:\/\/secure.gravatar.com\/avatar\/232437c79d6ebbb41eb67b1526ce0bc08ee5047d6b1594dc05abcc3258d8e0b3?s=96&d=mm&r=g","height":96,"width":96}},"publisher":{"@type":"Organization","name":"uvis.cz","logo":{"@type":"ImageObject","@id":"\/logo.png","url":"\/logo.png","width":600,"height":60}},"image":{"@type":"ImageObject","@id":"https:\/\/www.uvis.cz\/wp-content\/uploads\/img_a334876_w1763_t1548396453.jpg","url":"https:\/\/www.uvis.cz\/wp-content\/uploads\/img_a334876_w1763_t1548396453.jpg","height":0,"width":0},"url":"https:\/\/www.uvis.cz\/nestaci-jenom-otevrit-a-zavrit\/","about":["D\u016fm a zahrada"],"wordCount":423,"articleBody":"Zcela b\u011b\u017en\u00e1 sou\u010d\u00e1st ka\u017ed\u00e9 dom\u00e1cnosti, nad kterou se mo\u017en\u00e1 mnoho lid\u00ed nijak zvl\u00e1\u0161\u0165 ani nepozastav\u00ed. Takov\u00e9 jsou dve\u0159e, bez kter\u00fdch bychom ov\u0161em nemohli fungovat. Poskytuj\u00ed n\u00e1m prostor pro soukrom\u00ed, p\u0159edch\u00e1z\u00ed \u00faniku tepla nebo naopak slou\u017e\u00ed k v\u011btr\u00e1n\u00ed m\u00edstnosti, zabra\u0148uj\u00ed pronik\u00e1n\u00ed hluku a v neposledn\u00ed \u0159ad\u011b maj\u00ed b\u00fdt i designov\u00fdm dopl\u0148kem, kter\u00fd m\u00e1 zdobit a sou\u010dasn\u011b odd\u011blit m\u00edstnost od m\u00edstnosti.Jak si v\u0161ak vybrat (a je\u0161t\u011b z tak \u0161irok\u00e9ho sortimentu) p\u0159esn\u011b takov\u00e9, kter\u00e9 by se hodily p\u0159esn\u011b do va\u0161eho domova? Posta\u010d\u00ed, kdy\u017e se zam\u011b\u0159\u00edte na v\u0161echno, co mus\u00ed spl\u0148ovat!..1 Pevnost, s\u00edla a tlou\u0161\u0165ka Prvotn\u00ed vlastnosti, na kter\u00e9 je pot\u0159eba se zam\u011b\u0159it. Kvalitn\u00ed dve\u0159e by m\u011bly b\u00fdt dostate\u010dn\u011b siln\u00e9, aby v\u00e1m poskytly maxim\u00e1ln\u00ed komfort. M\u011bly by umo\u017enit odhlu\u010dnit prostor, ve kter\u00e9m pot\u0159ebujete m\u00edt nejen soukrom\u00ed, ale i \u0161petku klidu a sou\u010dasn\u011b se i postarat o to, aby byly odoln\u00e9 v\u016f\u010di n\u00e1raz\u016fm a n\u011bco vydr\u017eely...2 Materi\u00e1l a kvalita Nez\u00e1le\u017e\u00ed na tom, jestli vyb\u00edr\u00e1te vchodov\u00e9, zahradn\u00ed nebo interi\u00e9rov\u00e9 dve\u0159e. V\u017edy je nutn\u00e9 zam\u011b\u0159it v\u00e1\u0161 pohled na materi\u00e1l, kter\u00fd by m\u011bl b\u00fdt p\u0159edev\u0161\u00edm kvalitn\u00ed a nem\u00e9n\u011b odoln\u00fd. P\u0159i volb\u011b d\u0159eva, kter\u00e9 nen\u00ed lakovan\u00e9 myslete i na \u00fadr\u017ebu a vlhkost, kterou m\u00e1te doma. Popul\u00e1rn\u00ed jsou i dve\u0159e, kter\u00e9 maj\u00ed v sob\u011b v\u00fdpl\u0148 v podob\u011b skla, kter\u00e9 m\u00e1 nesm\u00edrnou v\u00fdhodu v tom, \u017ee propou\u0161t\u00ed do m\u00edstnosti v\u011bt\u0161\u00ed sv\u011btlo...3 Design, kter\u00fd mnohdy rozhoduje Pochopiteln\u011b si ka\u017ed\u00fd z n\u00e1s p\u0159eje, aby mu v dom\u00e1cnosti v\u0161e do detail\u016f ladilo. V\u00fdjimkou nejsou ani dve\u0159e, kter\u00e9 mus\u00ed do m\u00edstnost\u00ed zapadnout jako d\u00edlky puzzl\u00ed. Na\u0161t\u011bst\u00ed je nab\u00eddka barev, druh\u016f d\u0159eva nebo lakov\u00e1n\u00ed natolik rozmanit\u00e1, \u017ee nemus\u00edte m\u00edt obavu z toho, \u017ee si nevyberete. Posta\u010d\u00ed se pouze pod\u00edvat na \u0161irok\u00fd sortiment t\u011bch nejkvalitn\u011bj\u0161\u00edch dve\u0159\u00ed, kter\u00e9 poskytuj\u00ed v\u011bt\u0161\u00ed m\u011bsta, kde je pochopiteln\u011b i lep\u0161\u00ed v\u00fdb\u011br.Zam\u011b\u0159te se tedy na v\u0161e, co je podstatn\u00e9 a uvid\u00edte, \u017ee i vy nalezete ty dokonal\u00e9, kter\u00e9 v\u00e1m budou p\u0159\u00ednosem, ale i fantastick\u00fdm bytov\u00fdm dopl\u0148kem, na kter\u00fd ned\u00e1te dopustit.                                                                                                                                                                                                                                                                                                                                                                                                "},{"@context":"https:\/\/schema.org\/","@type":"BreadcrumbList","itemListElement":[{"@type":"ListItem","position":1,"name":"Nesta\u010d\u00ed jenom otev\u0159\u00edt a zav\u0159\u00edt","item":"https:\/\/www.uvis.cz\/nestaci-jenom-otevrit-a-zavrit\/#breadcrumbitem"}]}]