[{"@context":"https:\/\/schema.org\/","@type":"Article","@id":"https:\/\/www.uvis.cz\/objednejte-si-nase-sluzby\/#Article","mainEntityOfPage":"https:\/\/www.uvis.cz\/objednejte-si-nase-sluzby\/","headline":"Objednejte si na\u0161e slu\u017eby","name":"Objednejte si na\u0161e slu\u017eby","description":"S\u00eddlo firmy je p\u0159esn\u011b to, co pot\u0159ebuje ka\u017ed\u00fd podnikatel, kter\u00fd podnik\u00e1 jako pr\u00e1vnick\u00e1 osoba. To v\u00ed i spole\u010dnost Kancel\u00e1\u0159sk\u00e9 centrum Praha, kter\u00e1 sena toto odv\u011btv\u00ed specializuje. M\u00e1me to nejmodern\u011bj\u0161\u00ed vybaven\u00ed a p\u0159esn\u011b v\u00edme, co d\u011bl\u00e1me. D\u00edky tomu jsme velmi obl\u00edben\u00ed a m\u016f\u017eete n\u00e1m ve v\u0161em v\u011b\u0159it. Chceme sv\u00fdm z\u00e1kazn\u00edk\u016fm v za\u010d\u00e1tc\u00edch jejich podnik\u00e1n\u00ed ve v\u0161em [&hellip;]","datePublished":"2025-03-03","dateModified":"2025-03-03","author":{"@type":"Person","@id":"https:\/\/www.uvis.cz\/author\/#Person","name":"uvis.cz\n","url":"https:\/\/www.uvis.cz\/author\/","identifier":1,"image":{"@type":"ImageObject","@id":"https:\/\/secure.gravatar.com\/avatar\/232437c79d6ebbb41eb67b1526ce0bc08ee5047d6b1594dc05abcc3258d8e0b3?s=96&d=mm&r=g","url":"https:\/\/secure.gravatar.com\/avatar\/232437c79d6ebbb41eb67b1526ce0bc08ee5047d6b1594dc05abcc3258d8e0b3?s=96&d=mm&r=g","height":96,"width":96}},"publisher":{"@type":"Organization","name":"uvis.cz","logo":{"@type":"ImageObject","@id":"\/logo.png","url":"\/logo.png","width":600,"height":60}},"url":"https:\/\/www.uvis.cz\/objednejte-si-nase-sluzby\/","wordCount":176,"articleBody":"S\u00eddlo firmy je p\u0159esn\u011b to, co pot\u0159ebuje ka\u017ed\u00fd podnikatel, kter\u00fd podnik\u00e1 jako pr\u00e1vnick\u00e1 osoba. To v\u00ed i spole\u010dnost Kancel\u00e1\u0159sk\u00e9 centrum Praha, kter\u00e1 sena toto odv\u011btv\u00ed specializuje. M\u00e1me to nejmodern\u011bj\u0161\u00ed vybaven\u00ed a p\u0159esn\u011b v\u00edme, co d\u011bl\u00e1me. D\u00edky tomu jsme velmi obl\u00edben\u00ed a m\u016f\u017eete n\u00e1m ve v\u0161em v\u011b\u0159it.Chceme sv\u00fdm z\u00e1kazn\u00edk\u016fm v za\u010d\u00e1tc\u00edch jejich podnik\u00e1n\u00ed ve v\u0161em pomoci. Pokud se na n\u00e1s obr\u00e1t\u00edte, budete dozajista pln\u011b spokojen\u00ed. Nab\u00eddneme v\u00e1m to nejlep\u0161\u00ed s\u00eddlo firmy a mnoho dal\u0161\u00edch skv\u011bl\u00fdch slu\u017eeb. Nebudete muset \u0159e\u0161it v\u016fbec \u017e\u00e1dn\u00e9 probl\u00e9my a s n\u00e1mi se naprosto ve v\u0161em domluv\u00edte.Bl\u00edzk\u00e9 parkovi\u0161t\u011bNa\u0161e firma sv\u00fdm z\u00e1kazn\u00edk\u016fm nab\u00edz\u00ed tak\u00e9 parkovi\u0161t\u011b, kter\u00e9 je od na\u0161\u00ed budovy vzd\u00e1leno 50 m. Pr\u00e1v\u011b proto je s\u00eddlo firmy u n\u00e1s skv\u011bl\u00fdm \u0159e\u0161en\u00edm.                                                                                                                                                                                                                                                                                                                                                                                                "},{"@context":"https:\/\/schema.org\/","@type":"BreadcrumbList","itemListElement":[{"@type":"ListItem","position":1,"name":"Objednejte si na\u0161e slu\u017eby","item":"https:\/\/www.uvis.cz\/objednejte-si-nase-sluzby\/#breadcrumbitem"}]}]