[{"@context":"https:\/\/schema.org\/","@type":"Article","@id":"https:\/\/www.uvis.cz\/poradate-festival\/#Article","mainEntityOfPage":"https:\/\/www.uvis.cz\/poradate-festival\/","headline":"Po\u0159\u00e1d\u00e1te festival?","name":"Po\u0159\u00e1d\u00e1te festival?","description":"Pokud jste se rozhodli, \u017ee za\u010dnete po\u0159\u00e1dat nap\u0159\u00edklad n\u011bjak\u00fd hudebn\u00ed festival, pak je V\u00e1m asi jasn\u00e9, \u017ee budete pot\u0159ebovat na\u0161e elektrocentr\u00e1ly, proto\u017ee skoro v\u0161echny festivaly jsou daleko od nejbli\u017e\u0161\u00edho zdroje proudu. M\u016f\u017eete si b\u00fdt jisti t\u00edm, \u017ee za na\u0161e dlouholet\u00e9 p\u016fsoben\u00ed se obr\u00e1tilo nezm\u011brn\u00e9 mno\u017estv\u00ed z\u00e1kazn\u00edk\u016f, tak\u017ee pokud hled\u00e1te tyto z\u00e1sob\u00e1rny proudu u n\u011bjak\u00e9ho spolehliv\u00e9ho [&hellip;]","datePublished":"2024-02-01","dateModified":"2024-02-01","author":{"@type":"Person","@id":"https:\/\/www.uvis.cz\/author\/#Person","name":"uvis.cz\n","url":"https:\/\/www.uvis.cz\/author\/","identifier":1,"image":{"@type":"ImageObject","@id":"https:\/\/secure.gravatar.com\/avatar\/232437c79d6ebbb41eb67b1526ce0bc08ee5047d6b1594dc05abcc3258d8e0b3?s=96&d=mm&r=g","url":"https:\/\/secure.gravatar.com\/avatar\/232437c79d6ebbb41eb67b1526ce0bc08ee5047d6b1594dc05abcc3258d8e0b3?s=96&d=mm&r=g","height":96,"width":96}},"publisher":{"@type":"Organization","name":"uvis.cz","logo":{"@type":"ImageObject","@id":"\/logo.png","url":"\/logo.png","width":600,"height":60}},"url":"https:\/\/www.uvis.cz\/poradate-festival\/","wordCount":242,"articleBody":"Pokud jste se rozhodli, \u017ee za\u010dnete po\u0159\u00e1dat nap\u0159\u00edklad n\u011bjak\u00fd hudebn\u00ed festival, pak je V\u00e1m asi jasn\u00e9, \u017ee budete pot\u0159ebovat na\u0161e elektrocentr\u00e1ly, proto\u017ee skoro v\u0161echny festivaly jsou daleko od nejbli\u017e\u0161\u00edho zdroje proudu. M\u016f\u017eete si b\u00fdt jisti t\u00edm, \u017ee za na\u0161e dlouholet\u00e9 p\u016fsoben\u00ed se obr\u00e1tilo nezm\u011brn\u00e9 mno\u017estv\u00ed z\u00e1kazn\u00edk\u016f, tak\u017ee pokud hled\u00e1te tyto z\u00e1sob\u00e1rny proudu u n\u011bjak\u00e9ho spolehliv\u00e9ho dodavatele, pak se n\u00e1m ur\u010dit\u011b ozv\u011bte a my V\u00e1m garantujeme, \u017ee budete maxim\u00e1ln\u011b spokojeni nejen s\u00a0na\u0161imi z\u00e1sob\u00e1rnami proudu, ale tak\u00e9 s\u00a0na\u0161\u00edm vst\u0159\u00edcn\u00fdm jedn\u00e1n\u00edm, d\u00edky kter\u00e9mu si budete p\u0159ipadat, \u017ee jste pro n\u00e1s jedin\u00ed d\u016fle\u017eit\u00ed z\u00e1kazn\u00edci.\tCenov\u011b p\u0159ijateln\u00e1 nab\u00eddkaV\u0161echny elektrocentr\u00e1ly, kter\u00e9 naleznete na na\u0161em e-shopu, jsou dostupn\u00e9 za opravdu p\u0159ijatelnou nab\u00eddku, proto pokud chcete u\u0161et\u0159it co nejv\u00edce finan\u010dn\u00edch prost\u0159edk\u016f, pak se n\u00e1m ur\u010dit\u011b ozv\u011bte. Je n\u00e1m jasn\u00e9, \u017ee se nejedn\u00e1 zrovna o levnou investici, ale u n\u00e1s si m\u016f\u017eete b\u00fdt jisti t\u00edm, \u017ee nakoup\u00edte, jak nejv\u00fdhodn\u011bji to jde, proto\u017ee n\u00e1m v\u017edy jde p\u0159edev\u0161\u00edm o Va\u0161i absolutn\u00ed spokojenost, kter\u00e9 jist\u011b velice snadn\u00fdm zp\u016fsobem dos\u00e1hneme.                                                                                                                                                                                                                                                                                                                                                                                                "},{"@context":"https:\/\/schema.org\/","@type":"BreadcrumbList","itemListElement":[{"@type":"ListItem","position":1,"name":"Po\u0159\u00e1d\u00e1te festival?","item":"https:\/\/www.uvis.cz\/poradate-festival\/#breadcrumbitem"}]}]