[{"@context":"https:\/\/schema.org\/","@type":"Article","@id":"https:\/\/www.uvis.cz\/s-veselym-kouzlenim-prijedu-za-vasimi-detmi\/#Article","mainEntityOfPage":"https:\/\/www.uvis.cz\/s-veselym-kouzlenim-prijedu-za-vasimi-detmi\/","headline":"S\u00a0vesel\u00fdm kouzlen\u00edm p\u0159ijedu za va\u0161imi d\u011btmi","name":"S\u00a0vesel\u00fdm kouzlen\u00edm p\u0159ijedu za va\u0161imi d\u011btmi","description":"V\u00edte, \u017ee m\u016f\u017eete objednat z\u00e1bavn\u00e9 programy do \u0161kol, \u0161kolek, dru\u017ein, na t\u00e1bor nebo i k v\u00e1m dom\u016f? Pot\u0159ebujete veselou z\u00e1bavu, n\u011bjak\u00e9 to p\u0159ekvapen\u00ed a p\u011bknou v\u00fdzdobu? Jestli\u017ee ano a nem\u00e1te na to \u010das, obra\u0165te se na ty spr\u00e1vn\u00e9 lidi. Pom\u016f\u017ee v\u00e1m t\u0159eba kouzeln\u00edk. Ned\u011bl\u00e1me si legraci, nevy\u010daruje to v\u0161echno, co zrovna pot\u0159ebujete. Ale m\u016f\u017ee p\u0159ijet [&hellip;]","datePublished":"2025-03-11","dateModified":"2025-03-11","author":{"@type":"Person","@id":"https:\/\/www.uvis.cz\/author\/#Person","name":"uvis.cz\n","url":"https:\/\/www.uvis.cz\/author\/","identifier":1,"image":{"@type":"ImageObject","@id":"https:\/\/secure.gravatar.com\/avatar\/232437c79d6ebbb41eb67b1526ce0bc08ee5047d6b1594dc05abcc3258d8e0b3?s=96&d=mm&r=g","url":"https:\/\/secure.gravatar.com\/avatar\/232437c79d6ebbb41eb67b1526ce0bc08ee5047d6b1594dc05abcc3258d8e0b3?s=96&d=mm&r=g","height":96,"width":96}},"publisher":{"@type":"Organization","name":"uvis.cz","logo":{"@type":"ImageObject","@id":"\/logo.png","url":"\/logo.png","width":600,"height":60}},"url":"https:\/\/www.uvis.cz\/s-veselym-kouzlenim-prijedu-za-vasimi-detmi\/","wordCount":166,"articleBody":"V\u00edte, \u017ee m\u016f\u017eete objednat z\u00e1bavn\u00e9 programy do \u0161kol, \u0161kolek, dru\u017ein, na t\u00e1bor nebo i k v\u00e1m dom\u016f? Pot\u0159ebujete veselou z\u00e1bavu, n\u011bjak\u00e9 to p\u0159ekvapen\u00ed a p\u011bknou v\u00fdzdobu? Jestli\u017ee ano a nem\u00e1te na to \u010das, obra\u0165te se na ty spr\u00e1vn\u00e9 lidi. Pom\u016f\u017ee v\u00e1m t\u0159eba kouzeln\u00edk. Ned\u011bl\u00e1me si legraci, nevy\u010daruje to v\u0161echno, co zrovna pot\u0159ebujete. Ale m\u016f\u017ee p\u0159ijet se sv\u00fdm programem, se sv\u00fdmi kolegy a zp\u0159\u00edjemnit d\u011btem i dosp\u011bl\u00fdm narozeninovou oslavu, Den d\u011bt\u00ed nebo cokoliv jin\u00e9ho. Kouzeln\u00edk je v seznamu! Nezapomenuteln\u00fd z\u00e1\u017eitek Zvl\u00e1\u0161t\u011b pro ty men\u0161\u00ed to bude opravdov\u00fd z\u00e1\u017eitek. Dop\u0159ejte jim velkolepou magickou show, nic nen\u00ed nemo\u017en\u00e9. Objednat lze on-line \u010di telefonicky. Vyberte si p\u0159esn\u011b takov\u00e9 vystoupen\u00ed, kter\u00e9 bude \u0161it\u00e9 na m\u00edru va\u0161\u00ed ud\u00e1losti. Vy a kouzeln\u00edk se p\u0159ece jist\u011b domluv\u00edte!                                                                                                                                                                                                                                                                                                                                                                                                "},{"@context":"https:\/\/schema.org\/","@type":"BreadcrumbList","itemListElement":[{"@type":"ListItem","position":1,"name":"S\u00a0vesel\u00fdm kouzlen\u00edm p\u0159ijedu za va\u0161imi d\u011btmi","item":"https:\/\/www.uvis.cz\/s-veselym-kouzlenim-prijedu-za-vasimi-detmi\/#breadcrumbitem"}]}]