[{"@context":"https:\/\/schema.org\/","@type":"Article","@id":"https:\/\/www.uvis.cz\/sovinec\/#Article","mainEntityOfPage":"https:\/\/www.uvis.cz\/sovinec\/","headline":"Sovinec","name":"Sovinec","description":"Hrad byl postaven na konci 13. stolet\u00ed bratry Vokem a Pavlem ze Sovince. Prvn\u00ed p\u00edsemn\u00e1 zm\u00ednka o tomto hrad\u011b poch\u00e1z\u00ed z\u00a0roku 1332, kdy se jako hradn\u00ed p\u00e1n uv\u00e1d\u00ed Pavel ze Sovince.\u00a0 Pavel m\u011bl jeden\u00e1ct d\u011bt\u00ed a po majetkov\u00fdch neshod\u00e1ch z\u00edskali hrad brat\u0159i Pavel, Petr, Vok a Ale\u0161 ze Sovince. Po smrti Jaroslava ze Sovince (Vokova [&hellip;]","datePublished":"2019-07-04","dateModified":"2023-04-28","author":{"@type":"Person","@id":"https:\/\/www.uvis.cz\/author\/#Person","name":"uvis.cz\n","url":"https:\/\/www.uvis.cz\/author\/","identifier":1,"image":{"@type":"ImageObject","@id":"https:\/\/secure.gravatar.com\/avatar\/232437c79d6ebbb41eb67b1526ce0bc08ee5047d6b1594dc05abcc3258d8e0b3?s=96&d=mm&r=g","url":"https:\/\/secure.gravatar.com\/avatar\/232437c79d6ebbb41eb67b1526ce0bc08ee5047d6b1594dc05abcc3258d8e0b3?s=96&d=mm&r=g","height":96,"width":96}},"publisher":{"@type":"Organization","name":"uvis.cz","logo":{"@type":"ImageObject","@id":"\/logo.png","url":"\/logo.png","width":600,"height":60}},"image":{"@type":"ImageObject","@id":"https:\/\/www.uvis.cz\/wp-content\/uploads\/img_a349558_w1763_t1564517250.jpg","url":"https:\/\/www.uvis.cz\/wp-content\/uploads\/img_a349558_w1763_t1564517250.jpg","height":0,"width":0},"url":"https:\/\/www.uvis.cz\/sovinec\/","about":["Cestov\u00e1n\u00ed"],"wordCount":419,"articleBody":"Hrad byl postaven na konci 13. stolet\u00ed bratry Vokem a Pavlem ze Sovince. Prvn\u00ed p\u00edsemn\u00e1 zm\u00ednka o tomto hrad\u011b poch\u00e1z\u00ed z\u00a0roku 1332, kdy se jako hradn\u00ed p\u00e1n uv\u00e1d\u00ed Pavel ze Sovince.\u00a0 Pavel m\u011bl jeden\u00e1ct d\u011bt\u00ed a po majetkov\u00fdch neshod\u00e1ch z\u00edskali hrad brat\u0159i Pavel, Petr, Vok a Ale\u0161 ze Sovince. Po smrti Jaroslava ze Sovince (Vokova syna) byl poru\u010dn\u00edkem hradu Jan Heralt z\u00a0Kun\u0161t\u00e1tu a v\u00a0roce 1490 jej zp\u011bt z\u00edskal Jan II. P\u0148ovick\u00fd ze Sovince.\tJe\u0161ek P\u0148ovick\u00fd ze Sovince zd\u011bdil hrad roku 1531 ji\u017e notn\u011b zadlu\u017een. P\u0159ed rokem 1545 ho proto byl nucen prodat Kry\u0161tofovi z\u00a0Boskovic a T\u0159ebov\u00e9. Jeho vnuk Jan prodal hrad roku 1578 Vav\u0159inci Ederovi ze \u0160tiavnice a jeho d\u011bdi\u010dka, dcera Anna, se po Vav\u0159incov\u011b smrti provdala za Jana Kobylku z\u00a0Kobyl\u00edho. Ten byl nucen hrad a panstv\u00ed prodat roku 1623 pod cenou \u0159\u00e1du n\u011bmeck\u00fdch ryt\u00ed\u0159\u016f. S\u00a0Janem Kobylkou zmizela z\u00a0hradu a panstv\u00ed i \u010de\u0161tina.\tTento hrad m\u00e1 bou\u0159livou minulost. V\u00a0roce 1626 byl vyplen\u011bn d\u00e1nsk\u00fdm vojskem, roku 1643 jej zase zpusto\u0161ili \u0160v\u00e9dov\u00e9 a v\u00a0roce 1784 po\u017e\u00e1r po blesku po\u0161kodil hl\u00e1sku a soused\u00edc\u00ed objekty.\tV\u00a0roce 1837 arciv\u00e9voda Maxmili\u00e1n Josef nechal hrad opravit, z\u0159\u00eddil zde \u0158\u00e1dov\u00fd chlapeck\u00fd semin\u00e1\u0159 a od roku 1867 zde byla lesnick\u00e1 \u0161kola, kterou p\u0159est\u011bhovali na konci 19. stolet\u00ed do Hranic na Morav\u011b. Arciv\u00e9voda Ev\u017een dal roku 1903 opravit vnit\u0159n\u00ed prostory hradu a nechal je vyzdobit. Bylo tu muzeum i knihovna, kter\u00e1 obsahovala skoro 20\u00a0000 svazk\u016f.\tB\u011bhem okupace hrad padl do rukou nacist\u016f. Speci\u00e1ln\u00ed jednotky SS zde podle vypr\u00e1v\u011bn\u00ed prov\u00e1d\u011bli \u201cokultn\u00ed ritu\u00e1ly\u201c a z\u00e1rove\u0148 se z\u00a0hradu stalo v\u011bzen\u00ed. V\u00a0roce 1945 hrad vyho\u0159el, nen\u00ed jasn\u00e9 a nejsp\u00ed\u0161e nikdy ani nebude, zdali jej zap\u00e1lila oslavuj\u00edc\u00ed sov\u011btsk\u00e1 arm\u00e1da \u010di N\u011bmci, kte\u0159\u00ed odtud prchali.\t\tV\u00a0roce 1960 z\u00edskal hrad do spr\u00e1vy Vlastiv\u011bdn\u00fd \u00fastav v\u00a0Brunt\u00e1le a ten za\u010dal opravovat z\u0159\u00edcen\u00e9 konstrukce a za\u010dali restaur\u00e1torsk\u00e9 pr\u00e1ce.\tHrad Sovinec od za\u010d\u00e1tku sezony, tedy zhruba od kv\u011btna do \u0159\u00edjna, nab\u00edz\u00ed bohat\u00fd program pln\u00fd z\u00e1\u017eitk\u016f. O velk\u00fdch pr\u00e1zdnin\u00e1ch je hitem ka\u017edoro\u010dn\u011b OHNIV\u00c1 SHOW. Pro ka\u017ed\u00e9ho, kdo m\u00e1 r\u00e1d historii a moravsk\u00e9 hrady a z\u00e1mky je to ide\u00e1ln\u00ed volba ke str\u00e1ven\u00ed odpoledne.                                                                                                                                                                                                                                                                                                                                                                                                "},{"@context":"https:\/\/schema.org\/","@type":"BreadcrumbList","itemListElement":[{"@type":"ListItem","position":1,"name":"Sovinec","item":"https:\/\/www.uvis.cz\/sovinec\/#breadcrumbitem"}]}]