[{"@context":"https:\/\/schema.org\/","@type":"Article","@id":"https:\/\/www.uvis.cz\/spokojeny-zakaznik-je-priorita\/#Article","mainEntityOfPage":"https:\/\/www.uvis.cz\/spokojeny-zakaznik-je-priorita\/","headline":"Spokojen\u00fd z\u00e1kazn\u00edk je priorita!","name":"Spokojen\u00fd z\u00e1kazn\u00edk je priorita!","description":"Mnoz\u00ed jin\u00ed hled\u00ed p\u0159i sv\u00e9 pr\u00e1ci p\u0159edev\u0161\u00edm na zisk a sv\u016fj vlastn\u00ed prosp\u011bch. My hled\u00edme p\u0159edev\u0161\u00edm na spokojenost na\u0161ich z\u00e1kazn\u00edk\u016f. Dalo by se \u0159\u00edci, \u017ee spln\u00edme v\u0161e, co si n\u00e1\u0161 klient p\u0159eje. M\u00e1me mnohaletou praxi v oboru, nep\u0159edstavuje pro n\u00e1s tedy probl\u00e9m vysly\u0161et v\u0161echna p\u0159\u00e1n\u00ed z\u00e1kazn\u00edka. Um\u00edme \u010desat, st\u0159\u00edhat, barvit i zkracovat. P\u0159edev\u0161\u00edm ale prodlu\u017eov\u00e1n\u00ed [&hellip;]","datePublished":"2025-01-13","dateModified":"2025-01-13","author":{"@type":"Person","@id":"https:\/\/www.uvis.cz\/author\/#Person","name":"uvis.cz\n","url":"https:\/\/www.uvis.cz\/author\/","identifier":1,"image":{"@type":"ImageObject","@id":"https:\/\/secure.gravatar.com\/avatar\/232437c79d6ebbb41eb67b1526ce0bc08ee5047d6b1594dc05abcc3258d8e0b3?s=96&d=mm&r=g","url":"https:\/\/secure.gravatar.com\/avatar\/232437c79d6ebbb41eb67b1526ce0bc08ee5047d6b1594dc05abcc3258d8e0b3?s=96&d=mm&r=g","height":96,"width":96}},"publisher":{"@type":"Organization","name":"uvis.cz","logo":{"@type":"ImageObject","@id":"\/logo.png","url":"\/logo.png","width":600,"height":60}},"url":"https:\/\/www.uvis.cz\/spokojeny-zakaznik-je-priorita\/","wordCount":195,"articleBody":"Mnoz\u00ed jin\u00ed hled\u00ed p\u0159i sv\u00e9 pr\u00e1ci p\u0159edev\u0161\u00edm na zisk a sv\u016fj vlastn\u00ed prosp\u011bch. My hled\u00edme p\u0159edev\u0161\u00edm na spokojenost na\u0161ich z\u00e1kazn\u00edk\u016f. Dalo by se \u0159\u00edci, \u017ee spln\u00edme v\u0161e, co si n\u00e1\u0161 klient p\u0159eje. M\u00e1me mnohaletou praxi v oboru, nep\u0159edstavuje pro n\u00e1s tedy probl\u00e9m vysly\u0161et v\u0161echna p\u0159\u00e1n\u00ed z\u00e1kazn\u00edka. Um\u00edme \u010desat, st\u0159\u00edhat, barvit i zkracovat. P\u0159edev\u0161\u00edm ale prodlu\u017eov\u00e1n\u00ed vlas\u016f je v posledn\u00ed dob\u011b velmi modern\u00ed, tak se na n\u011b zam\u011b\u0159ujeme. N\u00e1\u0161 z\u00e1kazn\u00edk, n\u00e1\u0161 p\u00e1n. Jak\u00e9koli barevn\u00e9 odst\u00edny Jak ji\u017e bylo zm\u00edn\u011bno, m\u00e1me dlouholetou praxi v oboru a to se odr\u00e1\u017e\u00ed i v na\u0161ich zku\u0161enostech. Vlasy nakupujeme u\u017e velmi dlouho, a pr\u00e1v\u011b d\u00edky tomu jsme schopni zajistit v p\u0159\u00edrodn\u00edch barv\u00e1ch v\u0161echny odst\u00edny, kter\u00e9 si jen dovedete p\u0159edstavit, a to bez nutnosti pou\u017eit\u00ed chemick\u00fdch prost\u0159edk\u016f. Nev\u00e1hejte proto ani chv\u00edli a p\u0159ij\u010fte si nechat prodlou\u017eit Va\u0161e ku\u010dery! V\u011b\u0159\u00edme, \u017ee budete spokojeni!                                                                                                                                                                                                                                                                                                                                                                                                 "},{"@context":"https:\/\/schema.org\/","@type":"BreadcrumbList","itemListElement":[{"@type":"ListItem","position":1,"name":"Spokojen\u00fd z\u00e1kazn\u00edk je priorita!","item":"https:\/\/www.uvis.cz\/spokojeny-zakaznik-je-priorita\/#breadcrumbitem"}]}]