[{"@context":"https:\/\/schema.org\/","@type":"Article","@id":"https:\/\/www.uvis.cz\/svuj-bicykl-muzete-vzit-kamkoli-s-sebou\/#Article","mainEntityOfPage":"https:\/\/www.uvis.cz\/svuj-bicykl-muzete-vzit-kamkoli-s-sebou\/","headline":"Sv\u016fj bicykl m\u016f\u017eete vz\u00edt kamkoli s sebou","name":"Sv\u016fj bicykl m\u016f\u017eete vz\u00edt kamkoli s sebou","description":"Jestli\u017ee to se sv\u00fdm bicyklem mysl\u00edte opravdu v\u00e1\u017en\u011b a j\u00edzda na kole je pro v\u00e1s pot\u011b\u0161en\u00edm, na kter\u00e9m jste z\u00e1visl\u00ed, pak je naprosto jasn\u00e9, \u017ee se bez sv\u00e9ho kovov\u00e9ho mil\u00e1\u010dka nem\u016f\u017eete obej\u00edt ani na dovolen\u00e9. A mo\u017en\u00e1 nejen vy, n\u00fdbr\u017e cel\u00e1 va\u0161e rodina. Vrt\u00e1 v\u00e1m hlavou, jak to za\u0159\u00eddit, abyste s sebou na cesty kr\u00e1tk\u00e9 [&hellip;]","datePublished":"2019-09-27","dateModified":"2023-04-28","author":{"@type":"Person","@id":"https:\/\/www.uvis.cz\/author\/#Person","name":"uvis.cz\n","url":"https:\/\/www.uvis.cz\/author\/","identifier":1,"image":{"@type":"ImageObject","@id":"https:\/\/secure.gravatar.com\/avatar\/232437c79d6ebbb41eb67b1526ce0bc08ee5047d6b1594dc05abcc3258d8e0b3?s=96&d=mm&r=g","url":"https:\/\/secure.gravatar.com\/avatar\/232437c79d6ebbb41eb67b1526ce0bc08ee5047d6b1594dc05abcc3258d8e0b3?s=96&d=mm&r=g","height":96,"width":96}},"publisher":{"@type":"Organization","name":"uvis.cz","logo":{"@type":"ImageObject","@id":"\/logo.png","url":"\/logo.png","width":600,"height":60}},"image":{"@type":"ImageObject","@id":"https:\/\/www.uvis.cz\/wp-content\/uploads\/img_a363287_w1763_t1576061514.jpg","url":"https:\/\/www.uvis.cz\/wp-content\/uploads\/img_a363287_w1763_t1576061514.jpg","height":0,"width":0},"url":"https:\/\/www.uvis.cz\/svuj-bicykl-muzete-vzit-kamkoli-s-sebou\/","about":["N\u00e1kupy"],"wordCount":432,"articleBody":"        Jestli\u017ee to se sv\u00fdm bicyklem mysl\u00edte opravdu v\u00e1\u017en\u011b a j\u00edzda na kole je pro v\u00e1s pot\u011b\u0161en\u00edm, na kter\u00e9m jste z\u00e1visl\u00ed, pak je naprosto jasn\u00e9, \u017ee se bez sv\u00e9ho kovov\u00e9ho mil\u00e1\u010dka nem\u016f\u017eete obej\u00edt ani na dovolen\u00e9. A mo\u017en\u00e1 nejen vy, n\u00fdbr\u017e cel\u00e1 va\u0161e rodina. Vrt\u00e1 v\u00e1m hlavou, jak to za\u0159\u00eddit, abyste s sebou na cesty kr\u00e1tk\u00e9 i dlouh\u00e9 mohli vozit bicykly s sebou? Nalo\u017eit ve\u0161ker\u00e1 pot\u0159ebn\u00e1 zavazadla, a k tomu je\u0161t\u011b bicykly do auta, to nen\u00ed snadn\u00e1 v\u011bc a jen m\u00e1lokdo m\u00e1 tak prostorn\u00e9 vozidlo, aby se do n\u011bj ve\u0161lo v\u0161e pot\u0159ebn\u00e9. Nav\u00edc, nic takov\u00e9ho ani nen\u00ed pot\u0159eba, sta\u010d\u00ed, kdy\u017e si po\u0159\u00edd\u00edte praktick\u00fd dr\u017e\u00e1k na kola na ta\u017en\u00e9 za\u0159\u00edzen\u00ed Amsa.cz. Ten m\u00e1 mnoho skv\u011bl\u00fdch v\u00fdhod a umo\u017en\u00ed v\u00e1m cestovat s plnou v\u00fdbavou, kamkoli budete cht\u00edt. Pokud jde o dr\u017e\u00e1ky na kola, tak m\u00e1te samoz\u0159ejm\u011b na v\u00fdb\u011br ze dvou typ\u016f \u2013 je to ten, kter\u00fd je mo\u017en\u00e9 p\u0159ipevnit na st\u0159echu vozidla, a ten, kter\u00fd se upev\u0148uje na ta\u017en\u00e9 za\u0159\u00edzen\u00ed \u2013 lidov\u011b \u0159e\u010deno na kouli. Z\u00e1le\u017e\u00ed jen na v\u00e1s samotn\u00fdch, \u010demu d\u00e1v\u00e1te p\u0159ednost, nicm\u00e9n\u011b pravda je, \u017ee kdy\u017e sv\u00e9 bicykly um\u00edst\u00edte na kouli, bude to m\u00ed hned n\u011bkolik v\u00fdhod najednou. Za prv\u00e9, sv\u00e9 bicykly budete m\u00edt neust\u00e1le po ruce. Kdy\u017e je budete cht\u00edt upevnit do stojanu anebo sundat, nebudete je muset zvedat do velk\u00e9 v\u00fd\u0161ky. A to p\u0159ijde vhod jak fyzicky slab\u0161\u00edm osob\u00e1m, tak i lidem men\u0161\u00ed postavy, tedy \u017een\u00e1m, d\u011btem i senior\u016fm, a jist\u011b i mnoh\u00fdm jin\u00fdm. Manipulace s bicykly tak bude velice snadn\u00e1 a budou dob\u0159e dostupn\u00e9 pro ka\u017ed\u00e9ho. Nav\u00edc, v praktick\u00e9m stojanu, kter\u00fd m\u00e1 pokro\u010dil\u00e9 proveden\u00ed, m\u016f\u017eete bicykly i uzamknout anebo stojan v p\u0159\u00edpad\u011b pot\u0159eby sklopit. Jedn\u00e1 se tedy o velice praktick\u00fd zp\u016fsob p\u0159epravy. A za druh\u00e9, t\u00edmto um\u00edst\u011bn\u00edm nezvy\u0161ujete celkovou v\u00fd\u0161ku automobilu, co\u017e je tak\u00e9 d\u016fle\u017eit\u00e9, p\u0159edev\u0161\u00edm kdy\u017e cestujete na del\u0161\u00ed vzd\u00e1lenosti a po trase, kterou p\u0159\u00edli\u0161 nezn\u00e1te. Nebudete se tak muset ob\u00e1vat sn\u00ed\u017een\u00fdch podjezd\u016f, a\u0165 u\u017e v tunelu, pod mosty anebo pod stromy. P\u0159i j\u00edzd\u011b v\u00e1s tak nebude nic omezovat.                                                                                                                                                                                                                                                                                                                                                                                                  "},{"@context":"https:\/\/schema.org\/","@type":"BreadcrumbList","itemListElement":[{"@type":"ListItem","position":1,"name":"Sv\u016fj bicykl m\u016f\u017eete vz\u00edt kamkoli s sebou","item":"https:\/\/www.uvis.cz\/svuj-bicykl-muzete-vzit-kamkoli-s-sebou\/#breadcrumbitem"}]}]