[{"@context":"https:\/\/schema.org\/","@type":"Article","@id":"https:\/\/www.uvis.cz\/v-ceske-republice-je-lepe-a-lepe\/#Article","mainEntityOfPage":"https:\/\/www.uvis.cz\/v-ceske-republice-je-lepe-a-lepe\/","headline":"V \u010cesk\u00e9 republice je l\u00e9pe a l\u00e9pe!","name":"V \u010cesk\u00e9 republice je l\u00e9pe a l\u00e9pe!","description":"Ze zve\u0159ejn\u011bn\u00fdch informac\u00ed o hodnocen\u00ed \u010desk\u00e9 ekonomiky vypl\u00fdv\u00e1, \u017ee ji\u017e v lo\u0148skem roce se jej\u00ed r\u016fst\u00a0 pohyboval na \u010dty\u0159ech a p\u016fl procentech. Pochvalu dostala tak\u00e9 \u010cesk\u00e1 n\u00e1rodn\u00ed banka za z\u00e1sah do trhu hypot\u00e9k. Zv\u00fd\u0161en\u00edm \u00farokov\u00fdch sazeb podpo\u0159ila pr\u00e1v\u011b r\u016fst ekonomiky. Podle v\u0161eho se tedy o\u010dek\u00e1v\u00e1 r\u016fst ekonomiky o 3,9 procenta a v roce 2019 by [&hellip;]","datePublished":"2025-03-03","dateModified":"2023-04-28","author":{"@type":"Person","@id":"https:\/\/www.uvis.cz\/author\/#Person","name":"uvis.cz\n","url":"https:\/\/www.uvis.cz\/author\/","identifier":1,"image":{"@type":"ImageObject","@id":"https:\/\/secure.gravatar.com\/avatar\/232437c79d6ebbb41eb67b1526ce0bc08ee5047d6b1594dc05abcc3258d8e0b3?s=96&d=mm&r=g","url":"https:\/\/secure.gravatar.com\/avatar\/232437c79d6ebbb41eb67b1526ce0bc08ee5047d6b1594dc05abcc3258d8e0b3?s=96&d=mm&r=g","height":96,"width":96}},"publisher":{"@type":"Organization","name":"uvis.cz","logo":{"@type":"ImageObject","@id":"\/logo.png","url":"\/logo.png","width":600,"height":60}},"image":{"@type":"ImageObject","@id":"https:\/\/www.uvis.cz\/wp-content\/uploads\/img_a316067_w1763_t1527019446.jpg","url":"https:\/\/www.uvis.cz\/wp-content\/uploads\/img_a316067_w1763_t1527019446.jpg","height":0,"width":0},"url":"https:\/\/www.uvis.cz\/v-ceske-republice-je-lepe-a-lepe\/","about":["Ekonomika"],"wordCount":418,"articleBody":"Ze zve\u0159ejn\u011bn\u00fdch informac\u00ed o hodnocen\u00ed \u010desk\u00e9 ekonomiky vypl\u00fdv\u00e1, \u017ee ji\u017e v lo\u0148skem roce se jej\u00ed r\u016fst\u00a0 pohyboval na \u010dty\u0159ech a p\u016fl procentech. Pochvalu dostala tak\u00e9 \u010cesk\u00e1 n\u00e1rodn\u00ed banka za z\u00e1sah do trhu hypot\u00e9k. Zv\u00fd\u0161en\u00edm \u00farokov\u00fdch sazeb podpo\u0159ila pr\u00e1v\u011b r\u016fst ekonomiky.Podle v\u0161eho se tedy o\u010dek\u00e1v\u00e1 r\u016fst ekonomiky o 3,9 procenta a v roce 2019 by to tedy m\u011blo b\u00fdt p\u0159edb\u011b\u017en\u011b 3,6 procenta. N\u011bkter\u00e9 asociace odhaduj\u00ed tro\u0161ku ni\u017e\u0161\u00ed r\u016fst v leto\u0161n\u00edm roce a to o 3,6 procenta a v roce 2019 pak 2,8. Mezin\u00e1rodn\u00ed m\u011bnov\u00fd fond proti tomu vid\u00ed situaci tak, \u017ee odhaduje r\u016fst leto\u0161n\u00edho roku o 3,7 procenta a v dal\u0161\u00edm roce pak o 3,2 procenta.Uveden\u00e1 \u010d\u00edsla koresponduj\u00ed s t\u00edm, jak se aktu\u00e1ln\u00ed situace vyv\u00edj\u00ed, proto\u017ee v prvn\u00edm \u010dtvrtlet\u00ed leto\u0161n\u00edho roku hospod\u00e1\u0159sk\u00fd v\u00fdkon zpomalil oproti posledn\u00edmu \u010dtvrtlet\u00ed lo\u0148sk\u00e9ho roku o jedno procento. Posledn\u00ed \u010dtvrtlet\u00ed lo\u0148sk\u00e9ho roku bylo toti\u017e na vzestupu o 5,5 procent, zat\u00edmco prvn\u00ed \u010dtvrtlet\u00ed te\u010f uk\u00e1zalo, \u017ee je to 4,5 procent. D\u00e1 se tedy, dle odhad\u016f uveden\u00fdch v\u00fd\u0161e, \u017ee nyn\u00ed bude p\u0159ich\u00e1zet pom\u011brn\u011b velk\u00e9 ochlazen\u00ed ekonomick\u00e9ho r\u016fstu a to hlavn\u011b d\u00edky z\u00e1sahu \u010cNB do hypote\u010dn\u00edho trhu, kter\u00fd by v\u0161ak m\u011bl v budoucnu p\u0159in\u00e9st dal\u0161\u00ed a trval\u00fd r\u016fst.Na\u0161e ekonomika koresponduje s ekonomikou n\u011bmeckou, kter\u00e1 v prvn\u00edm \u010dtvrtlet\u00ed tohoto roku zpomalila r\u016fst ekonomiky na 0,3 procenta. N\u011bmecko aktu\u00e1ln\u011b trp\u00ed slab\u00fdmi v\u00fdsledky v zahrani\u010dn\u00edm obchodu.I p\u0159es zpomalen\u00ed r\u016fstu ekonomiky v N\u011bmecku, st\u00e1le je patrn\u00fd r\u016fst, kter\u00fd trv\u00e1 ji\u017e patn\u00e1ct \u010dtvrtlet\u00ed po sob\u011b, co\u017e je nejdel\u0161\u00edm obdob\u00edm ekonomick\u00e9ho r\u016fstu od dob sjednocen\u00ed z\u00e1padn\u00edho a v\u00fdchodn\u00edho N\u011bmecka. Aktu\u00e1ln\u011b N\u011bmecko ohro\u017euje nejen nov\u00e1 ochran\u00e1\u0159sk\u00e1 a sank\u010dn\u00ed politika USA, ale celkov\u011b politick\u00e1 situace v Evropsk\u00e9 unii.Cel\u00e1 situace pak m\u00e1 takov\u00fd z\u00e1v\u011br, \u017ee \u010ce\u0161i se maj\u00ed l\u00e9pe ne\u017e Portugalci, \u0158ekov\u00e9 a t\u0159eba i Italov\u00e9. Sice se nedaj\u00ed porovn\u00e1vat v\u00fdplatn\u00ed p\u00e1sky, ale hrub\u00fd dom\u00e1c\u00ed produkt na hlavu m\u00e1me jasn\u011b lep\u0161\u00ed. T\u00edm se na\u0161e zem\u011b v posledn\u00edch letech dost\u00e1v\u00e1 bl\u00ed\u017ee k horn\u00edm pozic\u00edm na \u017eeb\u0159\u00ed\u010dku Evropsk\u00e9 unie.                                                                                                                                                                                                                                                                                                                                                                                                "},{"@context":"https:\/\/schema.org\/","@type":"BreadcrumbList","itemListElement":[{"@type":"ListItem","position":1,"name":"V \u010cesk\u00e9 republice je l\u00e9pe a l\u00e9pe!","item":"https:\/\/www.uvis.cz\/v-ceske-republice-je-lepe-a-lepe\/#breadcrumbitem"}]}]