[{"@context":"https:\/\/schema.org\/","@type":"Article","@id":"https:\/\/www.uvis.cz\/zakladem-vaseho-celodenniho-pohodli-je-spravny-vyber-pradla\/#Article","mainEntityOfPage":"https:\/\/www.uvis.cz\/zakladem-vaseho-celodenniho-pohodli-je-spravny-vyber-pradla\/","headline":"Z\u00e1kladem va\u0161eho celodenn\u00edho pohodl\u00ed je spr\u00e1vn\u00fd v\u00fdb\u011br pr\u00e1dla","name":"Z\u00e1kladem va\u0161eho celodenn\u00edho pohodl\u00ed je spr\u00e1vn\u00fd v\u00fdb\u011br pr\u00e1dla","description":"Pro to, abychom se cel\u00fd den c\u00edtili p\u0159\u00edjemn\u011b, je skute\u010dn\u011b d\u016fle\u017eit\u00e9 v\u011bnovat pozornost v\u00fdb\u011bru spodn\u00edho pr\u00e1dla. T\u00fdk\u00e1 se to zejm\u00e9na p\u0159i sportovn\u00edch \u010dinnostech, kter\u00e9 jsou spojeny s vyd\u00e1n\u00edm ur\u010dit\u00e9 fyzick\u00e9 n\u00e1mahy a v neposledn\u00ed \u0159ad\u011b i n\u00e1maho materi\u00e1lu na od\u011bv, jen\u017e p\u0159i tom m\u00e1me na sob\u011b. Hled\u00e1te li tedy kvalitn\u00ed, pru\u017en\u00e9 a modern\u00ed pr\u00e1dlo, vyb\u00edrejtespodn\u00ed [&hellip;]","datePublished":"2019-08-19","dateModified":"2023-04-28","author":{"@type":"Person","@id":"https:\/\/www.uvis.cz\/author\/#Person","name":"uvis.cz\n","url":"https:\/\/www.uvis.cz\/author\/","identifier":1,"image":{"@type":"ImageObject","@id":"https:\/\/secure.gravatar.com\/avatar\/232437c79d6ebbb41eb67b1526ce0bc08ee5047d6b1594dc05abcc3258d8e0b3?s=96&d=mm&r=g","url":"https:\/\/secure.gravatar.com\/avatar\/232437c79d6ebbb41eb67b1526ce0bc08ee5047d6b1594dc05abcc3258d8e0b3?s=96&d=mm&r=g","height":96,"width":96}},"publisher":{"@type":"Organization","name":"uvis.cz","logo":{"@type":"ImageObject","@id":"\/logo.png","url":"\/logo.png","width":600,"height":60}},"image":{"@type":"ImageObject","@id":"https:\/\/www.uvis.cz\/wp-content\/uploads\/img_a357356_w1763_t1571912020.jpg","url":"https:\/\/www.uvis.cz\/wp-content\/uploads\/img_a357356_w1763_t1571912020.jpg","height":0,"width":0},"url":"https:\/\/www.uvis.cz\/zakladem-vaseho-celodenniho-pohodli-je-spravny-vyber-pradla\/","about":["N\u00e1kupy"],"wordCount":418,"articleBody":"           Pro to, abychom se cel\u00fd den c\u00edtili p\u0159\u00edjemn\u011b, je skute\u010dn\u011b d\u016fle\u017eit\u00e9 v\u011bnovat pozornost v\u00fdb\u011bru spodn\u00edho pr\u00e1dla. T\u00fdk\u00e1 se to zejm\u00e9na p\u0159i sportovn\u00edch \u010dinnostech, kter\u00e9 jsou spojeny s vyd\u00e1n\u00edm ur\u010dit\u00e9 fyzick\u00e9 n\u00e1mahy a v neposledn\u00ed \u0159ad\u011b i n\u00e1maho materi\u00e1lu na od\u011bv, jen\u017e p\u0159i tom m\u00e1me na sob\u011b. Hled\u00e1te li tedy kvalitn\u00ed, pru\u017en\u00e9 a modern\u00ed pr\u00e1dlo, vyb\u00edrejtespodn\u00ed pr\u00e1dlo craft,kter\u00e9 spln\u00ed zaru\u010den\u011b v\u0161echny va\u0161e po\u017eadavky. Pokud zav\u00edt\u00e1te na na\u0161e str\u00e1nky m\u016f\u017eete vyb\u00edrat z cel\u00e9 \u0159ady st\u0159ih\u016f a materi\u00e1l\u016f. Pro mu\u017ee p\u0159in\u00e1\u0161\u00edme n\u011bkolik novinek v podob\u011b obl\u00edben\u00fdch boxerek, kter\u00e9 maj\u00ed zaj\u00edmav\u00e9 vlastnosti. Jednou z nich je pou\u017eit\u00fd materi\u00e1l, kter\u00fd je vysoce elastick\u00fd, velmi tenk\u00fd a d\u00edky jeho kan\u00e1lk\u016fm ve struktu\u0159e tkaniny zaru\u010duje odvod potu od poko\u017eka tak\u00e9 p\u0159\u00edjemn\u011b chlad\u00ed. Boxerky m\u016f\u017eete objednat ve dvou d\u00e9lk\u00e1ch. V klasick\u00e9, do jedn\u00e9 t\u0159etiny stehen, nebo prodlou\u017een\u00e9 d\u00e9lky do p\u016fli stehen. Pro ty, kte\u0159\u00ed oce\u0148uj\u00ed tepeln\u00fd komfort jsou zde modely se zv\u00fd\u0161enou gram\u00e1\u017e\u00ed pou\u017eit\u00e9ho materi\u00e1lu. V\u0161echny maj\u00ed pevnou, ale pru\u017enou gumu v pase, n\u011bkter\u00e9 beze\u0161v\u00e9, dal\u0161\u00ed opat\u0159eny ploch\u00fdm \u0161vem. V d\u00e1msk\u00e9 sekci objevte skv\u011ble padnouc\u00ed sportovn\u00ed podprsenky a kalhotky, kter\u00e9 bezpe\u010dn\u011b udr\u017e\u00ed v\u0161e na sv\u00e9m m\u00edst\u011b. I zde plat\u00ed pravidlo, \u017ee pr\u00e1dlo je dokonale st\u0159i\u017eeno, m\u00e1 chladivou funkci a na v\u00fdb\u011br m\u00e1te z mnoha bare a potisk\u016f. D\u00edky velmi slab\u00fdm lem\u016fm kalhotek, se toto pr\u00e1dlo st\u00e1v\u00e1 tak\u0159ka neviditeln\u00fdm a je vhodn\u00e9 i pro b\u011b\u017en\u00e9 no\u0161en\u00ed. Na sv\u00e9 si p\u0159ijdou i milovnice boxerek, pro n\u011b\u017e jsme p\u0159ipravili modely pro sporty v hork\u00fdch letn\u00edch dnech, kdy i v tomto p\u0159\u00edpad\u011b je zaji\u0161t\u011bn perfektn\u00ed odvod potu. Tot\u00e9\u017e plat\u00ed i pro n\u00e1mi nab\u00edzen\u00e9 podprsenky s precizn\u00edm elastick\u00fdm pro\u0161it\u00edm, tvarovan\u00fdmi ko\u0161\u00ed\u010dky, nebo bez ko\u0161\u00ed\u010dk\u016f za pou\u017eit\u00ed r\u016fzn\u011b strukturovan\u00fdch tkanin a jejich vrstven\u00ed. Je u\u017e tedy pouze na va\u0161em vkusu a pot\u0159eb\u00e1ch, jak\u00fd typ pr\u00e1dla si u n\u00e1s vyberete. V ka\u017ed\u00e9m p\u0159\u00edpad\u011b s n\u00edm budete ur\u010dit\u011b spokojeni.                                                                                                                                                                                                                                                                                                                                                                                                  "},{"@context":"https:\/\/schema.org\/","@type":"BreadcrumbList","itemListElement":[{"@type":"ListItem","position":1,"name":"Z\u00e1kladem va\u0161eho celodenn\u00edho pohodl\u00ed je spr\u00e1vn\u00fd v\u00fdb\u011br pr\u00e1dla","item":"https:\/\/www.uvis.cz\/zakladem-vaseho-celodenniho-pohodli-je-spravny-vyber-pradla\/#breadcrumbitem"}]}]